{"id":921,"date":"2006-03-13T22:43:26","date_gmt":"2006-03-13T21:43:26","guid":{"rendered":"https:\/\/www.sindacatocronisti.it\/wordpress\/?p=921"},"modified":"2020-08-26T01:16:00","modified_gmt":"2020-08-25T23:16:00","slug":"mieli-2004-al-di-sopra-delle-parti","status":"publish","type":"post","link":"https:\/\/www.sindacatocronisti.it\/wordpress\/2006\/03\/13\/mieli-2004-al-di-sopra-delle-parti\/","title":{"rendered":"MIELI 2004: AL DI SOPRA DELLE PARTI"},"content":{"rendered":"<div class='booster-block booster-read-block'>\n                <div class=\"twp-read-time\">\n                \t<i class=\"booster-icon twp-clock\"><\/i> <span>Read Time:<\/span>27 Second                <\/div>\n\n            <\/div><p>Mieli 2004 al di sopra delle parti. Mieli oggi centro sinistra. E Mieli domani? Dalla lettera di incarico sottoscritta da lui e da tutti gli ultimi direttori del Corriere della Sera all&#8217;atto del loro insediamento: &#8221; ..mantenere e accrescere l&#8217;autorevole prestigio e il largo consenso che il giornale riscuote presso i pi\u00f9 larghi strati dell&#8217;opinione pubblica, salvaguardando cos\u00ec la conservazione dell&#8217;indipendenza di un grande quotidiano di informazione che rappresenta per tutta la collettivit\u00e0 nazionale, al di sopra e al di l\u00e0 delle parti politiche, un patrimonio che non pu\u00f2 andare disperso&#8221;.<\/p>\n","protected":false},"excerpt":{"rendered":"<p>Mieli 2004 al di sopra delle parti. Mieli oggi centro sinistra. E Mieli domani? Dalla lettera di incarico sottoscritta da lui e da tutti gli ultimi direttori del Corriere della Sera all&#8217;atto del loro insediamento: &#8221; ..mantenere e accrescere l&#8217;autorevole prestigio e il largo consenso che il giornale riscuote presso i pi\u00f9 larghi strati dell&#8217;opinione [&hellip;]<\/p>\n","protected":false},"author":1,"featured_media":0,"comment_status":"closed","ping_status":"closed","sticky":false,"template":"","format":"standard","meta":{"footnotes":""},"categories":[31],"tags":[],"class_list":["post-921","post","type-post","status-publish","format-standard","hentry","category-archivio-storico-scr"],"_links":{"self":[{"href":"https:\/\/www.sindacatocronisti.it\/wordpress\/wp-json\/wp\/v2\/posts\/921","targetHints":{"allow":["GET"]}}],"collection":[{"href":"https:\/\/www.sindacatocronisti.it\/wordpress\/wp-json\/wp\/v2\/posts"}],"about":[{"href":"https:\/\/www.sindacatocronisti.it\/wordpress\/wp-json\/wp\/v2\/types\/post"}],"author":[{"embeddable":true,"href":"https:\/\/www.sindacatocronisti.it\/wordpress\/wp-json\/wp\/v2\/users\/1"}],"replies":[{"embeddable":true,"href":"https:\/\/www.sindacatocronisti.it\/wordpress\/wp-json\/wp\/v2\/comments?post=921"}],"version-history":[{"count":1,"href":"https:\/\/www.sindacatocronisti.it\/wordpress\/wp-json\/wp\/v2\/posts\/921\/revisions"}],"predecessor-version":[{"id":933,"href":"https:\/\/www.sindacatocronisti.it\/wordpress\/wp-json\/wp\/v2\/posts\/921\/revisions\/933"}],"wp:attachment":[{"href":"https:\/\/www.sindacatocronisti.it\/wordpress\/wp-json\/wp\/v2\/media?parent=921"}],"wp:term":[{"taxonomy":"category","embeddable":true,"href":"https:\/\/www.sindacatocronisti.it\/wordpress\/wp-json\/wp\/v2\/categories?post=921"},{"taxonomy":"post_tag","embeddable":true,"href":"https:\/\/www.sindacatocronisti.it\/wordpress\/wp-json\/wp\/v2\/tags?post=921"}],"curies":[{"name":"wp","href":"https:\/\/api.w.org\/{rel}","templated":true}]}}