{"id":887,"date":"2007-03-25T22:43:26","date_gmt":"2007-03-25T20:43:26","guid":{"rendered":"https:\/\/www.sindacatocronisti.it\/wordpress\/?p=887"},"modified":"2020-08-26T01:08:59","modified_gmt":"2020-08-25T23:08:59","slug":"lordine-ha-fatto-il-suo-tempo","status":"publish","type":"post","link":"https:\/\/www.sindacatocronisti.it\/wordpress\/2007\/03\/25\/lordine-ha-fatto-il-suo-tempo\/","title":{"rendered":"L&#8217;ORDINE HA FATTO IL SUO TEMPO"},"content":{"rendered":"<div class='booster-block booster-read-block'>\n                <div class=\"twp-read-time\">\n                \t<i class=\"booster-icon twp-clock\"><\/i> <span>Read Time:<\/span>1 Minute, 9 Second                <\/div>\n\n            <\/div><p>Il futuro del mestiere si gioca sul contratto e non sull&#8217;ordine dei giornalisti che ha fatto il suo tempo e sopravvive a s\u00e8 stesso in attesa di un pietoso gesto di eutanasia. Poich\u00e8 se salta il contratto cos\u00ec come ce lo siamo conquistato con sacrifici di decenni, non sar\u00e0 l&#8217;inutile carrozzone dell&#8217;ordine a salvarci dalla decimazione e dalla fine del giornalismo d&#8217;autore. Nell&#8217;epoca della dittatura delle immagini e della comunicazione sopra e sotto le righe, dove tutto viene sbattuto sulla pubblica piazza, non sar\u00e0 certo l&#8217;Ordine, anche se dovessero venire i marziani a riformarlo, a tutelare identit\u00e0 e autonomia del giornalista, a garantire il diritto\/dovere di cronaca, a salvaguardare la qualit\u00e0 dell&#8217;informazione. Solo il contratto, se riusciremo a frenare o perlomeno a rallentare nei tempi brevi la corsa al massacro della professione da parte degli editori, pu\u00f2 costituire un argine all&#8217;attacco a fondo lanciato dai padroni con l&#8217;omert\u00e0 della politica cointeressata a un mondo senza i rompiscatole dei giornalisti. Il Congresso della FNSI \u00e8 dietro l&#8217;angolo e comunque gli attuali vertici debbono andare a casa per scadenza di mandato. Le ultime vicende (assemblea dei cdr ecc.) hanno lasciato intravedere che cresce la voglia di un&#8217;inversione di rotta di fronte alla miopia dei dirigenti sindacali. Abbiamo il dovere di prepararci con il massimo della concentrazione e della mobilitazione senza andare a caccia di farfalle dietro ai fantasmi dell&#8217;ordine. Romano Bartoloni<\/p>\n","protected":false},"excerpt":{"rendered":"<p>Il futuro del mestiere si gioca sul contratto e non sull&#8217;ordine dei giornalisti che ha fatto il suo tempo e sopravvive a s\u00e8 stesso in attesa di un pietoso gesto di eutanasia. Poich\u00e8 se salta il contratto cos\u00ec come ce lo siamo conquistato con sacrifici di decenni, non sar\u00e0 l&#8217;inutile carrozzone dell&#8217;ordine a salvarci dalla [&hellip;]<\/p>\n","protected":false},"author":1,"featured_media":0,"comment_status":"closed","ping_status":"closed","sticky":false,"template":"","format":"standard","meta":{"footnotes":""},"categories":[31],"tags":[],"class_list":["post-887","post","type-post","status-publish","format-standard","hentry","category-archivio-storico-scr"],"_links":{"self":[{"href":"https:\/\/www.sindacatocronisti.it\/wordpress\/wp-json\/wp\/v2\/posts\/887","targetHints":{"allow":["GET"]}}],"collection":[{"href":"https:\/\/www.sindacatocronisti.it\/wordpress\/wp-json\/wp\/v2\/posts"}],"about":[{"href":"https:\/\/www.sindacatocronisti.it\/wordpress\/wp-json\/wp\/v2\/types\/post"}],"author":[{"embeddable":true,"href":"https:\/\/www.sindacatocronisti.it\/wordpress\/wp-json\/wp\/v2\/users\/1"}],"replies":[{"embeddable":true,"href":"https:\/\/www.sindacatocronisti.it\/wordpress\/wp-json\/wp\/v2\/comments?post=887"}],"version-history":[{"count":1,"href":"https:\/\/www.sindacatocronisti.it\/wordpress\/wp-json\/wp\/v2\/posts\/887\/revisions"}],"predecessor-version":[{"id":912,"href":"https:\/\/www.sindacatocronisti.it\/wordpress\/wp-json\/wp\/v2\/posts\/887\/revisions\/912"}],"wp:attachment":[{"href":"https:\/\/www.sindacatocronisti.it\/wordpress\/wp-json\/wp\/v2\/media?parent=887"}],"wp:term":[{"taxonomy":"category","embeddable":true,"href":"https:\/\/www.sindacatocronisti.it\/wordpress\/wp-json\/wp\/v2\/categories?post=887"},{"taxonomy":"post_tag","embeddable":true,"href":"https:\/\/www.sindacatocronisti.it\/wordpress\/wp-json\/wp\/v2\/tags?post=887"}],"curies":[{"name":"wp","href":"https:\/\/api.w.org\/{rel}","templated":true}]}}