{"id":885,"date":"2003-05-18T22:43:23","date_gmt":"2003-05-18T20:43:23","guid":{"rendered":"https:\/\/www.sindacatocronisti.it\/wordpress\/?p=885"},"modified":"2020-08-26T02:05:41","modified_gmt":"2020-08-26T00:05:41","slug":"elezioni-provinciali-faccia-a-faccia-con-il-scr","status":"publish","type":"post","link":"https:\/\/www.sindacatocronisti.it\/wordpress\/2003\/05\/18\/elezioni-provinciali-faccia-a-faccia-con-il-scr\/","title":{"rendered":"ELEZIONI PROVINCIALI: FACCIA A FACCIA, CON IL SCR"},"content":{"rendered":"<div class='booster-block booster-read-block'>\n                <div class=\"twp-read-time\">\n                \t<i class=\"booster-icon twp-clock\"><\/i> <span>Read Time:<\/span>49 Second                <\/div>\n\n            <\/div><p>Come in occasione delle precedenti amministrative, il Sindacato cronisti romani promuove e organizza, marted\u00ec prossimo 20 maggio alle ore 10 in punto nella sala Di Liegro di palazzo Valentini (via IV Novembre 119\/a), l&#8217;unico confronto pubblico tra tutti i 10 candidati a Presidente della Provincia, un faccia a faccia record con la stampa condotto ad armi pari.<br \/>\nL&#8217;iniziativa acquista un particolare significato per l&#8217;originalit\u00e0 della formula, e perch\u00e9 riafferma il valore del diritto-dovere di cronaca pur in tempi di &#8220;par condicio&#8221;, e perch\u00e9 permette anche alla tv locali di partecipare rispettando la legge. La formula esord\u00ec nel novembre di 10 anni fa con 17 candidati a Sindaco, si consolid\u00f2 nelle regionali e nelle provinciali del 1995, torn\u00f2 in Campidoglio nel 1997 e a palazzo Valentini nel 1998, continu\u00f2 nel 2000 con le ultime regionali e nel 2001 con le comunali.<br \/>\nL&#8217;incontro-stampa avr\u00e0 inizio puntualmente all&#8217;ora stabilita per consentire ad alcuni candidati di partecipare nella tarda mattina alla tribuna elettorale del TGR Lazio.<\/p>\n","protected":false},"excerpt":{"rendered":"<p>Come in occasione delle precedenti amministrative, il Sindacato cronisti romani promuove e organizza, marted\u00ec prossimo 20 maggio alle ore 10 in punto nella sala Di Liegro di palazzo Valentini (via IV Novembre 119\/a), l&#8217;unico confronto pubblico tra tutti i 10 candidati a Presidente della Provincia, un faccia a faccia record con la stampa condotto ad [&hellip;]<\/p>\n","protected":false},"author":1,"featured_media":0,"comment_status":"closed","ping_status":"closed","sticky":false,"template":"","format":"standard","meta":{"footnotes":""},"categories":[31],"tags":[],"class_list":["post-885","post","type-post","status-publish","format-standard","hentry","category-archivio-storico-scr"],"_links":{"self":[{"href":"https:\/\/www.sindacatocronisti.it\/wordpress\/wp-json\/wp\/v2\/posts\/885","targetHints":{"allow":["GET"]}}],"collection":[{"href":"https:\/\/www.sindacatocronisti.it\/wordpress\/wp-json\/wp\/v2\/posts"}],"about":[{"href":"https:\/\/www.sindacatocronisti.it\/wordpress\/wp-json\/wp\/v2\/types\/post"}],"author":[{"embeddable":true,"href":"https:\/\/www.sindacatocronisti.it\/wordpress\/wp-json\/wp\/v2\/users\/1"}],"replies":[{"embeddable":true,"href":"https:\/\/www.sindacatocronisti.it\/wordpress\/wp-json\/wp\/v2\/comments?post=885"}],"version-history":[{"count":1,"href":"https:\/\/www.sindacatocronisti.it\/wordpress\/wp-json\/wp\/v2\/posts\/885\/revisions"}],"predecessor-version":[{"id":948,"href":"https:\/\/www.sindacatocronisti.it\/wordpress\/wp-json\/wp\/v2\/posts\/885\/revisions\/948"}],"wp:attachment":[{"href":"https:\/\/www.sindacatocronisti.it\/wordpress\/wp-json\/wp\/v2\/media?parent=885"}],"wp:term":[{"taxonomy":"category","embeddable":true,"href":"https:\/\/www.sindacatocronisti.it\/wordpress\/wp-json\/wp\/v2\/categories?post=885"},{"taxonomy":"post_tag","embeddable":true,"href":"https:\/\/www.sindacatocronisti.it\/wordpress\/wp-json\/wp\/v2\/tags?post=885"}],"curies":[{"name":"wp","href":"https:\/\/api.w.org\/{rel}","templated":true}]}}