{"id":875,"date":"2003-03-18T22:43:23","date_gmt":"2003-03-18T21:43:23","guid":{"rendered":"https:\/\/www.sindacatocronisti.it\/wordpress\/?p=875"},"modified":"2020-08-26T01:20:46","modified_gmt":"2020-08-25T23:20:46","slug":"diffamazione-riforma-solo-per-finta","status":"publish","type":"post","link":"https:\/\/www.sindacatocronisti.it\/wordpress\/2003\/03\/18\/diffamazione-riforma-solo-per-finta\/","title":{"rendered":"DIFFAMAZIONE, RIFORMA SOLO PER FINTA"},"content":{"rendered":"<div class='booster-block booster-read-block'>\n                <div class=\"twp-read-time\">\n                \t<i class=\"booster-icon twp-clock\"><\/i> <span>Read Time:<\/span>3 Minute, 25 Second                <\/div>\n\n            <\/div><p>Incontrando al Quirinale i cronisti &#8220;il dna del giornalismo&#8221;, il presidente Ciampi ha raccomandato di &#8220;mantenere la spina dorsale dritta&#8221; nei confronti dei poteri, di &#8220;insistere sulla difesa dell&#8217;autonomia professionale&#8221;, ritenendo &#8220;pi\u00f9 che giusto cercare norme regole e se necessario anche leggi che assicurino sempre pi\u00f9 la vostra autonomia&#8221;. Purtroppo sono sempre tanti i lacci e i laccioli giuridici che intralciano e mortificano il lavoro dei giornalisti.<br \/>\nDa due legislature vanno avanti e indietro, a passo di gambero, presso la II commissione giustizia della Camera progetti di legge per riformare le norme sul reato di diffamazione a mezzo stampa. Oggi in commissione \u00e8 fermo nuovamente un testo unificato elaborato dall&#8217;on. Anedda e che raccoglie diverse proposte (Stefani, Volont\u00e8, Anedda, Pisapia, Pecorella, Cola, Siniscalchi). E&#8217; paralizzato da una pioggia di emendamenti e a nulla sono valse le audizioni con la Fnsi, con l&#8217;Ordine dei giornalisti e con la Fieg. N\u00e8 hanno fatto breccia le tante iniziative e prese di posizione da parte del mondo dell&#8217;informazione con in testa l&#8217;Associazione stampa romana.<br \/>\nA parole l&#8217;intento del legislatore rispecchia l&#8217;esigenza di meglio salvaguardare le ragioni dell&#8217;offeso, di ridurre i ritardi e le lungaggini dei processi favorendo la depenalizzazione, e di cancellare gli anacronistici aggravanti del reato a mezzo stampa; ma soprattutto, di tutelare, senza pregiudizi e riserve mentali, il diritto-dovere di cronaca contro le querele facili e di mettere al riparo il giornalista dalle interferenze a scapito della libert\u00e0 di espressione e di critica. Nei fatti, traspare la resistenza culturale del sistema dei poteri a rinunciare alla suggestione di mantenere sotto scacco l&#8217;informazione con l&#8217;arma dell&#8217;intimidazione e con la stretta marcatura delle fonti di informazione.<br \/>\nCon un documento inviato alla presidenza della commissione giustizia, anche l&#8217;Unione nazionale cronisti italiani e il Sindacato cronisti romani hanno inteso dire la loro (per lo meno a futura memoria), perch\u00e9 i cronisti, per la loro specifica attivit\u00e0, sono i pi\u00f9 direttamente coinvolti nei rapporti con l&#8217;autorit\u00e0 giudiziaria e i pi\u00f9 esposti ai rischi di querele, di comunicazioni giudiziarie e di cause per risarcimento danni con grave nocumento per il loro mestiere.<br \/>\nQueste le nostre osservazioni:<br \/>\n1) La responsabilit\u00e0 penale del direttore responsabile solo quando non si conosca l&#8217;autore dell&#8217;articolo in contestazione, fatti salvi gli obblighi derivati dalle leggi sulla stampa e sulla professione giornalistica, e le responsabilit\u00e0 conseguenti i patti contrattuali<br \/>\n2) Rettifica come condizione pregiudiziale alla richiesta di risarcimento danni con tempi di pubblicazione compatibili con i necessari controlli sulla veridicit\u00e0 della smentita e delle precisazioni richieste<br \/>\n3) il diritto al risarcimento del danno va prescritto entro tre mesi per evitare un uso strumentale del ricorso all&#8217;autorit\u00e0 giudiziaria<br \/>\n4) a scanso di possibili suggestioni liberticide in casi di circostanze eccezionali di ordine pubblico, rimanga facoltativa e straordinaria la pena accessoria dell&#8217;interdizione temporale dall&#8217;esercizio della professione (in oltre 50 anni di democrazia i casi di interdizione si contano sulle dita di una mano)<br \/>\n5) emendamento del comma 3 dell&#8217;articolo 200 del Codice di procedura penale sul segreto professionale (tutelato dalla legge sull&#8217;Ordine e dal Consiglio d&#8217;Europa) affinch\u00e8 le disposizioni di totale riconoscimento e tutela, previste dai commi 1 e 2 per medici, avvocati e levatrici, siano estese anche ai giornalisti professionisti, praticanti e pubblicisti<br \/>\n6) divieto di perquisizioni, sequestri, interrogatori, fermi di polizia, intercettazioni telefoniche nei confronti dei giornalisti, in particolare se finalizzate all&#8217;individuazione delle fonti di informazione ritenute responsabili di fuga di notizie<br \/>\n7) esclusione della corresponsabilit\u00e0 dei giornalisti nelle violazioni dei segreti di indagini, di ufficio ecc. provocate da terzi specie se ignoti<br \/>\n8) riconoscimento del prevalente interesse pubblico del diritto di informazione al fine della completezza e comprensione della notizia rispetto al diritto del singolo quando non si ledano i dati sensibili della privacy<br \/>\n9) garanzie per il diritto del giornalista all&#8217;accesso agli atti delle pubbliche amministrazioni con modifica all&#8217;art. 23 della legga 7 agosto 1990, n 241 (estensione del diritto anche nei confronti di gestori di pubblici esercizi e di soggetti partecipati da capitale pubblico) e con modifiche al Dpr 27 giugno 1992, n. 352 (riconoscimento dell&#8217;essenzialit\u00e0 dell&#8217;informazione, di un interesse qualificato e legittimazione della funzione del giornalista con immediato diritto di accesso in via informale)<\/p>\n","protected":false},"excerpt":{"rendered":"<p>Incontrando al Quirinale i cronisti &#8220;il dna del giornalismo&#8221;, il presidente Ciampi ha raccomandato di &#8220;mantenere la spina dorsale dritta&#8221; nei confronti dei poteri, di &#8220;insistere sulla difesa dell&#8217;autonomia professionale&#8221;, ritenendo &#8220;pi\u00f9 che giusto cercare norme regole e se necessario anche leggi che assicurino sempre pi\u00f9 la vostra autonomia&#8221;. Purtroppo sono sempre tanti i lacci [&hellip;]<\/p>\n","protected":false},"author":1,"featured_media":0,"comment_status":"closed","ping_status":"closed","sticky":false,"template":"","format":"standard","meta":{"footnotes":""},"categories":[31],"tags":[],"class_list":["post-875","post","type-post","status-publish","format-standard","hentry","category-archivio-storico-scr"],"_links":{"self":[{"href":"https:\/\/www.sindacatocronisti.it\/wordpress\/wp-json\/wp\/v2\/posts\/875","targetHints":{"allow":["GET"]}}],"collection":[{"href":"https:\/\/www.sindacatocronisti.it\/wordpress\/wp-json\/wp\/v2\/posts"}],"about":[{"href":"https:\/\/www.sindacatocronisti.it\/wordpress\/wp-json\/wp\/v2\/types\/post"}],"author":[{"embeddable":true,"href":"https:\/\/www.sindacatocronisti.it\/wordpress\/wp-json\/wp\/v2\/users\/1"}],"replies":[{"embeddable":true,"href":"https:\/\/www.sindacatocronisti.it\/wordpress\/wp-json\/wp\/v2\/comments?post=875"}],"version-history":[{"count":1,"href":"https:\/\/www.sindacatocronisti.it\/wordpress\/wp-json\/wp\/v2\/posts\/875\/revisions"}],"predecessor-version":[{"id":942,"href":"https:\/\/www.sindacatocronisti.it\/wordpress\/wp-json\/wp\/v2\/posts\/875\/revisions\/942"}],"wp:attachment":[{"href":"https:\/\/www.sindacatocronisti.it\/wordpress\/wp-json\/wp\/v2\/media?parent=875"}],"wp:term":[{"taxonomy":"category","embeddable":true,"href":"https:\/\/www.sindacatocronisti.it\/wordpress\/wp-json\/wp\/v2\/categories?post=875"},{"taxonomy":"post_tag","embeddable":true,"href":"https:\/\/www.sindacatocronisti.it\/wordpress\/wp-json\/wp\/v2\/tags?post=875"}],"curies":[{"name":"wp","href":"https:\/\/api.w.org\/{rel}","templated":true}]}}