{"id":872,"date":"2004-03-15T22:43:23","date_gmt":"2004-03-15T21:43:23","guid":{"rendered":"https:\/\/www.sindacatocronisti.it\/wordpress\/?p=872"},"modified":"2020-08-26T01:51:47","modified_gmt":"2020-08-25T23:51:47","slug":"giornale-del-sindacato-cronisti-romani","status":"publish","type":"post","link":"https:\/\/www.sindacatocronisti.it\/wordpress\/2004\/03\/15\/giornale-del-sindacato-cronisti-romani\/","title":{"rendered":"GIORNALE DEL SINDACATO CRONISTI ROMANI"},"content":{"rendered":"<div class='booster-block booster-read-block'>\n                <div class=\"twp-read-time\">\n                \t<i class=\"booster-icon twp-clock\"><\/i> <span>Read Time:<\/span>4 Minute, 39 Second                <\/div>\n\n            <\/div><p>Il 13 maggio l&#8217;assemblea generale con inizio alle ore 11 nella sede di Corso Vittorio 349. All&#8217;odg la scadenza statutaria dell&#8217;esame del bilancio. L&#8217;incontro, al quale ogni socio \u00e8 pregato di intervenire, sar\u00e0 l&#8217;occasione per fare il punto sulle attivit\u00e0 e sulle iniziative del SCR.<br \/>\nScrivi anche tu per aggiornare ai 60 i &#8220;Cinquant&#8217;anni di cronaca di Roma (1945\/1994)&#8221;, il volume edito dal SCR e che racconta la citt\u00e0 anno dopo anno con la penna di altrettanti cronisti. Sei in tempo anche tu a mettere la firma in calce a quest&#8217;opera di prestigio e senza uguali nel suo genere, sempre che tu non sia stato protagonista della precedente edizione. Chi prima prenota entro il mese di maggio, sceglie l&#8217;anno da raccontare fra quelli non ancora assegnati fra il 1995 e il 2003. Si sono gi\u00e0 messi in corsa Mauro Morabito (TG3) per il 1995, Luca Lippera (Il Messaggero) per il 1997, Maurizio Piccirilli (Il Tempo) per il 1998. E&#8217; a disposizione di chi scrive una copia dei &#8220;Cinquant&#8217;anni..&#8221;. L&#8217;articolo \u00e8 di 10mila battute al quale va aggiunta dall&#8217;autore la cronologia dell&#8217;anno, mese per mese, secondo lo schema gi\u00e0 collaudato nel libro. Gli autori degli anni 1945\/94: Carlo Albertini, Gianni Barrella, Romano Bartoloni, Lamberto Biagioni, Enrico Camaleone, Virgilio Celletti, Stefano Clerici, Guido Columba, Paolo Conti, Manlio Contri, Benedetto D&#8217;Alessandro, Franz D&#8217;Asaro, Ettore Della Riccia, Clelia D&#8217;Inzillo, Roberto Di Sante, Franco Fano, Alessandro Forte, Emanuela Franchini, Angelo Frignani, Massimo Giraldi, Lorenzo Grassi, Marcello Lambertini, Ubaldo Lazzari, Stefano Lugli, Riccardo Mariani, Marcello Marrocco, Roberto Mostarda, Umberto Ottolenghi, Angelo Padovan, Bruno Palma, Giuseppe Pedercini, Domenico Pertica, Andrea Purgatori, Vittorio Ragusa, Mario Relandini, Vittorio Roidi, Giuseppe Rosselli, Giuseppe Sangiorgi, Efisio Serra, Massimo Signoretti, Sandro Svalduz, Manlio Tamburello, Marcello Ugolini, Grazia Valci, Valerio Valeriani, Renato Venditti. Dammi la tua adesione per lettera o fax (0668308295) oppure telefonami allo 0668308140 o al 3356953830.<br \/>\nPer te la Guida SCR alla stampa di Roma e provincia realizzata dal SCR. Omaggio in occasione dell&#8217;assemblea. La Guida (primo censimento-monitoraggio dell&#8217;editoria) raccoglie i dati completi di 1.285 testate che producono informazione sia pure in forme, dimensioni, e periodicit\u00e0 diverse: 94 agenzie di stampa; 41 quotidiani; 82 settimanali; 79 quindicinali; 505 mensili; 227 di varia periodicit\u00e0 (bimestrali, trimestrali ecc.); 47 televisioni; 67 radio; 144 online<br \/>\nIl 20 maggio vieni al faccia a faccia per il voto delle provinciali con appuntamento alle ore 10,30 nella sala Di Liegro al secondo piano di palazzo Valentini in via IV Novembre 119\/a (piazza Venezia). Anche tu sei invitato ad assistere (e far domande se ritieni) all&#8217;unico ed esclusivo incontro ravvicinato fra tutti i candidati alla Presidenza, e non solo Enrico Gasbarra e Silvano Moffa. La formula esord\u00ec nel 1993 con 17 candidati a Sindaco, si consolid\u00f2 nelle regionali e nelle provinciali del 1995, torn\u00f2 in Campidoglio nel 1997 e a palazzo Valentini nel 1998, continu\u00f2 nel 2000 con le ultime regionali e nel 2001 con le comunali.<br \/>\nPasso SCR alla Camera sul ddl della diffamazione a mezzo stampa che, da due legislature, va avanti e indietro presso la commissione giustizia, tradendo la resistenza culturale dei poteri a difendere il diritto-dovere di cronaca contro le querele facili e le intimidazioni giudiziarie, nonch\u00e8 a mettere al riparo il cronista dalle interferenze a scapito della libert\u00e0 di espressione e di critica. Il progetto \u00e8 paralizzato da una pioggia di emendamenti e a nulla sono valse le audizioni con la Fnsi e l&#8217;Ordine. Con l&#8217;UNCI, il SCR ha presentato queste osservazioni: 1) La responsabilit\u00e0 penale del direttore responsabile solo quando non si conosca l&#8217;autore dell&#8217;articolo in contestazione, fatti salvi gli obblighi derivati dalle leggi sulla stampa e sulla professione giornalistica, e le responsabilit\u00e0 conseguenti i patti contrattuali 2) Rettifica come condizione pregiudiziale alla richiesta di risarcimento danni con tempi di pubblicazione compatibili con i necessari controlli sulla veridicit\u00e0 della smentita e delle precisazioni richieste 3) il diritto al risarcimento del danno va prescritto entro tre mesi per evitare un uso strumentale del ricorso all&#8217;autorit\u00e0 giudiziaria 4) a scanso di possibili suggestioni liberticide in casi di circostanze eccezionali di ordine pubblico, rimanga facoltativa e straordinaria la pena accessoria dell&#8217;interdizione temporale dall&#8217;esercizio della professione (in oltre 50 anni di democrazia i casi di interdizione si contano sulle dita di una mano) 5) emendamento del comma 3 dell&#8217;articolo 200 del Codice di procedura penale sul segreto professionale (tutelato dalla legge sull&#8217;Ordine e dal Consiglio d&#8217;Europa) affinch\u00e8 le disposizioni di totale riconoscimento e tutela, previste dai commi 1 e 2 per medici, avvocati e levatrici, siano estese anche ai giornalisti professionisti, praticanti e pubblicisti 6) divieto di perquisizioni, sequestri, interrogatori, fermi di polizia, intercettazioni telefoniche nei confronti dei giornalisti, in particolare se finalizzate all&#8217;individuazione delle fonti di informazione ritenute responsabili di fuga di notizie 7) esclusione della corresponsabilit\u00e0 dei giornalisti nelle violazioni dei segreti di indagini, di ufficio ecc. provocate da terzi specie se ignoti 8) riconoscimento del prevalente interesse pubblico del diritto di informazione al fine della completezza e comprensione della notizia rispetto al diritto del singolo quando non si ledano i dati sensibili della privacy 9) garanzie per il diritto del giornalista all&#8217;accesso agli atti delle pubbliche amministrazioni con modifica all&#8217;art. 23 della legga 7 agosto 1990, n 241 (estensione del diritto anche nei confronti di gestori di pubblici esercizi e di soggetti partecipati da capitale pubblico) e con modifiche al Dpr 27 giugno 1992, n. 352 (riconoscimento dell&#8217;essenzialit\u00e0 dell&#8217;informazione, di un interesse qualificato e legittimazione della funzione del giornalista con immediato diritto di accesso in via informale).<br \/>\nEntra nella mailing list del Sindacato cronisti romani inviando il tuo indirizzo di posta elettronica al scr@sindacatocronisti.it.<\/p>\n","protected":false},"excerpt":{"rendered":"<p>Il 13 maggio l&#8217;assemblea generale con inizio alle ore 11 nella sede di Corso Vittorio 349. All&#8217;odg la scadenza statutaria dell&#8217;esame del bilancio. L&#8217;incontro, al quale ogni socio \u00e8 pregato di intervenire, sar\u00e0 l&#8217;occasione per fare il punto sulle attivit\u00e0 e sulle iniziative del SCR. Scrivi anche tu per aggiornare ai 60 i &#8220;Cinquant&#8217;anni di [&hellip;]<\/p>\n","protected":false},"author":1,"featured_media":0,"comment_status":"closed","ping_status":"closed","sticky":false,"template":"","format":"standard","meta":{"footnotes":""},"categories":[31],"tags":[],"class_list":["post-872","post","type-post","status-publish","format-standard","hentry","category-archivio-storico-scr"],"_links":{"self":[{"href":"https:\/\/www.sindacatocronisti.it\/wordpress\/wp-json\/wp\/v2\/posts\/872","targetHints":{"allow":["GET"]}}],"collection":[{"href":"https:\/\/www.sindacatocronisti.it\/wordpress\/wp-json\/wp\/v2\/posts"}],"about":[{"href":"https:\/\/www.sindacatocronisti.it\/wordpress\/wp-json\/wp\/v2\/types\/post"}],"author":[{"embeddable":true,"href":"https:\/\/www.sindacatocronisti.it\/wordpress\/wp-json\/wp\/v2\/users\/1"}],"replies":[{"embeddable":true,"href":"https:\/\/www.sindacatocronisti.it\/wordpress\/wp-json\/wp\/v2\/comments?post=872"}],"version-history":[{"count":1,"href":"https:\/\/www.sindacatocronisti.it\/wordpress\/wp-json\/wp\/v2\/posts\/872\/revisions"}],"predecessor-version":[{"id":941,"href":"https:\/\/www.sindacatocronisti.it\/wordpress\/wp-json\/wp\/v2\/posts\/872\/revisions\/941"}],"wp:attachment":[{"href":"https:\/\/www.sindacatocronisti.it\/wordpress\/wp-json\/wp\/v2\/media?parent=872"}],"wp:term":[{"taxonomy":"category","embeddable":true,"href":"https:\/\/www.sindacatocronisti.it\/wordpress\/wp-json\/wp\/v2\/categories?post=872"},{"taxonomy":"post_tag","embeddable":true,"href":"https:\/\/www.sindacatocronisti.it\/wordpress\/wp-json\/wp\/v2\/tags?post=872"}],"curies":[{"name":"wp","href":"https:\/\/api.w.org\/{rel}","templated":true}]}}