{"id":868,"date":"2004-04-20T22:43:22","date_gmt":"2004-04-20T20:43:22","guid":{"rendered":"https:\/\/www.sindacatocronisti.it\/wordpress\/?p=868"},"modified":"2020-08-26T01:49:02","modified_gmt":"2020-08-25T23:49:02","slug":"botta-e-risposta-con-il-csm","status":"publish","type":"post","link":"https:\/\/www.sindacatocronisti.it\/wordpress\/2004\/04\/20\/botta-e-risposta-con-il-csm\/","title":{"rendered":"BOTTA E RISPOSTA CON IL CSM"},"content":{"rendered":"<div class='booster-block booster-read-block'>\n                <div class=\"twp-read-time\">\n                \t<i class=\"booster-icon twp-clock\"><\/i> <span>Read Time:<\/span>1 Minute, 12 Second                <\/div>\n\n            <\/div><p>Il CSM ci ha risposto notificando l&#8217;archiviazione al 31 marzo us dell&#8217;ennesimo nostro appello\/protesta contro le intimidazioni di certe Procure nei confronti dei cronisti, perch\u00e9 ritenuto come &#8220;censura di attivit\u00e0 giurisdizionali&#8221;. Sentenza sorprendente perch\u00e9 la spada di Damocle della censura pesa semmai sul lavoro dei cronisti. Dietro gli attacchi con armi pesanti (perquisizioni persino nelle case di vacanza, fermi di polizia, snervanti interrogatori, sequestro di taccuini, cd, archivi, telefonini ecc.), dietro la pretesa della violazione dell&#8217;ex segreto istruttorio, si nascondono ben altri intenti che nulla hanno da vedere con la tutela delle indagini e dell&#8217;indagato. In realt\u00e0, si vuole scoraggiare il cronista a fare il suo mestiere di cacciatore di notizie; costringerlo a svelare le sue fonti confidenziali di informazione, facendolo rinunciare, con le buone o con le cattive, alla copertura del segreto professionale garantito dalla legge e dalla convenzione europea. Il fine ultimo \u00e8 quello di spezzare i fili del rapporto fiduciario con le fonti e di regolare il rubinetto dell&#8217;informazione ad arbitrio mediante la censura, le veline, il bavaglio, la minculpop. Della nostra amarezza e sorpresa per la sentenza CSM ne \u00e8 interprete presso il Capo dello Stato il presidente dell&#8217;UNCI, Guido Columba, nel corso dell&#8217;udienza del 27 aprile per i vincitori del Premio del cronista. Di certo, l&#8217;atteggiamento censorio non rientra nel nostro costume specie nei confronti della magistratura della quale riconosciamo e rispettiamo l&#8217;assoluta autonomia e alla quale chiediamo di riconoscere e rispettare la nostra.<\/p>\n","protected":false},"excerpt":{"rendered":"<p>Il CSM ci ha risposto notificando l&#8217;archiviazione al 31 marzo us dell&#8217;ennesimo nostro appello\/protesta contro le intimidazioni di certe Procure nei confronti dei cronisti, perch\u00e9 ritenuto come &#8220;censura di attivit\u00e0 giurisdizionali&#8221;. Sentenza sorprendente perch\u00e9 la spada di Damocle della censura pesa semmai sul lavoro dei cronisti. Dietro gli attacchi con armi pesanti (perquisizioni persino nelle [&hellip;]<\/p>\n","protected":false},"author":1,"featured_media":0,"comment_status":"closed","ping_status":"closed","sticky":false,"template":"","format":"standard","meta":{"footnotes":""},"categories":[31],"tags":[],"class_list":["post-868","post","type-post","status-publish","format-standard","hentry","category-archivio-storico-scr"],"_links":{"self":[{"href":"https:\/\/www.sindacatocronisti.it\/wordpress\/wp-json\/wp\/v2\/posts\/868","targetHints":{"allow":["GET"]}}],"collection":[{"href":"https:\/\/www.sindacatocronisti.it\/wordpress\/wp-json\/wp\/v2\/posts"}],"about":[{"href":"https:\/\/www.sindacatocronisti.it\/wordpress\/wp-json\/wp\/v2\/types\/post"}],"author":[{"embeddable":true,"href":"https:\/\/www.sindacatocronisti.it\/wordpress\/wp-json\/wp\/v2\/users\/1"}],"replies":[{"embeddable":true,"href":"https:\/\/www.sindacatocronisti.it\/wordpress\/wp-json\/wp\/v2\/comments?post=868"}],"version-history":[{"count":1,"href":"https:\/\/www.sindacatocronisti.it\/wordpress\/wp-json\/wp\/v2\/posts\/868\/revisions"}],"predecessor-version":[{"id":960,"href":"https:\/\/www.sindacatocronisti.it\/wordpress\/wp-json\/wp\/v2\/posts\/868\/revisions\/960"}],"wp:attachment":[{"href":"https:\/\/www.sindacatocronisti.it\/wordpress\/wp-json\/wp\/v2\/media?parent=868"}],"wp:term":[{"taxonomy":"category","embeddable":true,"href":"https:\/\/www.sindacatocronisti.it\/wordpress\/wp-json\/wp\/v2\/categories?post=868"},{"taxonomy":"post_tag","embeddable":true,"href":"https:\/\/www.sindacatocronisti.it\/wordpress\/wp-json\/wp\/v2\/tags?post=868"}],"curies":[{"name":"wp","href":"https:\/\/api.w.org\/{rel}","templated":true}]}}