{"id":852,"date":"2004-04-20T22:43:22","date_gmt":"2004-04-20T20:43:22","guid":{"rendered":"https:\/\/www.sindacatocronisti.it\/wordpress\/?p=852"},"modified":"2020-08-26T02:09:27","modified_gmt":"2020-08-26T00:09:27","slug":"botta-e-risposta-sul-giro-di-vite-in-tribunale","status":"publish","type":"post","link":"https:\/\/www.sindacatocronisti.it\/wordpress\/2004\/04\/20\/botta-e-risposta-sul-giro-di-vite-in-tribunale\/","title":{"rendered":"BOTTA E RISPOSTA SUL GIRO DI VITE IN TRIBUNALE"},"content":{"rendered":"<div class='booster-block booster-read-block'>\n                <div class=\"twp-read-time\">\n                \t<i class=\"booster-icon twp-clock\"><\/i> <span>Read Time:<\/span>2 Minute, 9 Second                <\/div>\n\n            <\/div><p>Continua il tormentone contro l&#8217;informazione di cronaca. Nei mesi di dicembre e gennaio, come probabilmente sapranno tutti cronisti, \u00e8 scoppiata la grana del filtro degli uffici stampa delle questure con i noti effetti dirompenti sulle notizie della nera e dell&#8217;ordine pubblico. Adesso, dopo un periodo di tregua, sono tornati alla carica i tribunali. A Roma, in base alle sollecitazioni dei cronisti giudiziari, siamo stati costretti a chiedere spiegazioni ai presidenti dei tribunali (vedi sotto), rimarcando i nostri passi presso le Authority sui dubbi di correttezza delle fonti ufficiali di informazione. Peraltro, sulla generale pesantezza della situazione, il presidente nazionale dell&#8217;UNCI, Guido Columba, ed io stesso, in spirito di servizio per la categoria e per l&#8217;intero sindacato, abbiamo richiamato l&#8217;attenzione del Presidente della Repubblica nel corso della recente udienza al Quirinale. Pensiamo che, una volta superata la crisi del contratto, si debba tutti insieme rimettere la barra sul diritto-dovere di cronaca. Roma 14 febbraio 2001<br \/>\nProt. N. 4817<\/p>\n<p>Prof. Luigi Scotti<br \/>\nPresidente del Tribunale penale di Roma<br \/>\nGiovanni Francesco Lo Turco<br \/>\nPresidente Corte d&#8217;Appello di Roma<\/p>\n<p>Egr. Presidente,<br \/>\nanche a nome del Direttivo, esprimo la pi\u00f9 viva preoccupazione per il giro di vite imposto all&#8217;informazione di cronaca giudiziaria all&#8217;interno dei palazzi di piazzale Clodio. Perdurando le attuali condizioni di restrizioni degli accessi, della libera circolazione, e delle interviste in presa diretta nelle aule, diventer\u00e0 sempre pi\u00f9 difficile esercitare il diritto-dovere di cronaca e garantire un&#8217;informazione puntuale e completa secondo i principi costituzionali e la legge professionale. Peraltro, si \u00e8 ricavata la sgradevole sensazione di un divieto mirato perch\u00e8 rivolto non &#8220;extra omnes&#8221; bens\u00ec esclusivamente ai giornalisti, e perch\u00e8 non giustificato da circostanze di carattere eccezionale.<br \/>\nPer nostra cultura ed esperienza, la seriet\u00e0 e la credibilit\u00e0 del lavoro giornalistico si fondano sulla pluralit\u00e0 delle fonti di informazione, sulle verifiche incrociate delle stesse raccolte a caldo e dal vivo, e non da ultimo sulla trasparenza dell&#8217;amministrazione della giustizia, chiave di volta del sistema democratico perch\u00e8 esercitata in nome del popolo. Anche se non sempre possano essere invocati a norma di codici e di leggi, il cosiddetto segreto istruttorio e la riservatezza delle indagini giudiziarie hanno sempre incontrato la sensibile attenzione e comprensione dei cronisti, i cui scopi e compiti non sono poi cos\u00ec diversi da quelli dei magistrati, e cio\u00e8 di assolvere al meglio un corretto servizio per i cittadini.<br \/>\nNella fiducia che le misure possano essere riviste anche attraverso un chiarimento ravvicinato, mi \u00e8 gradita l&#8217;occasione per sottoporre alla sua attenzione un documento riguardo la costituzione di un organismo di garanzia sulla correttezza delle fonti ufficiali di informazione. Cordiali saluti.<br \/>\nRomano Bartoloni<\/p>\n","protected":false},"excerpt":{"rendered":"<p>Continua il tormentone contro l&#8217;informazione di cronaca. Nei mesi di dicembre e gennaio, come probabilmente sapranno tutti cronisti, \u00e8 scoppiata la grana del filtro degli uffici stampa delle questure con i noti effetti dirompenti sulle notizie della nera e dell&#8217;ordine pubblico. Adesso, dopo un periodo di tregua, sono tornati alla carica i tribunali. A Roma, [&hellip;]<\/p>\n","protected":false},"author":1,"featured_media":0,"comment_status":"closed","ping_status":"closed","sticky":false,"template":"","format":"standard","meta":{"footnotes":""},"categories":[31],"tags":[],"class_list":["post-852","post","type-post","status-publish","format-standard","hentry","category-archivio-storico-scr"],"_links":{"self":[{"href":"https:\/\/www.sindacatocronisti.it\/wordpress\/wp-json\/wp\/v2\/posts\/852","targetHints":{"allow":["GET"]}}],"collection":[{"href":"https:\/\/www.sindacatocronisti.it\/wordpress\/wp-json\/wp\/v2\/posts"}],"about":[{"href":"https:\/\/www.sindacatocronisti.it\/wordpress\/wp-json\/wp\/v2\/types\/post"}],"author":[{"embeddable":true,"href":"https:\/\/www.sindacatocronisti.it\/wordpress\/wp-json\/wp\/v2\/users\/1"}],"replies":[{"embeddable":true,"href":"https:\/\/www.sindacatocronisti.it\/wordpress\/wp-json\/wp\/v2\/comments?post=852"}],"version-history":[{"count":1,"href":"https:\/\/www.sindacatocronisti.it\/wordpress\/wp-json\/wp\/v2\/posts\/852\/revisions"}],"predecessor-version":[{"id":958,"href":"https:\/\/www.sindacatocronisti.it\/wordpress\/wp-json\/wp\/v2\/posts\/852\/revisions\/958"}],"wp:attachment":[{"href":"https:\/\/www.sindacatocronisti.it\/wordpress\/wp-json\/wp\/v2\/media?parent=852"}],"wp:term":[{"taxonomy":"category","embeddable":true,"href":"https:\/\/www.sindacatocronisti.it\/wordpress\/wp-json\/wp\/v2\/categories?post=852"},{"taxonomy":"post_tag","embeddable":true,"href":"https:\/\/www.sindacatocronisti.it\/wordpress\/wp-json\/wp\/v2\/tags?post=852"}],"curies":[{"name":"wp","href":"https:\/\/api.w.org\/{rel}","templated":true}]}}