{"id":763,"date":"2006-03-03T18:29:41","date_gmt":"2006-03-03T17:29:41","guid":{"rendered":"https:\/\/www.sindacatocronisti.it\/wordpress\/2006\/03\/03\/cani-sdentati\/"},"modified":"2020-08-26T00:52:12","modified_gmt":"2020-08-25T22:52:12","slug":"cani-sdentati","status":"publish","type":"post","link":"https:\/\/www.sindacatocronisti.it\/wordpress\/2006\/03\/03\/cani-sdentati\/","title":{"rendered":"CANI SDENTATI"},"content":{"rendered":"<div class='booster-block booster-read-block'>\n                <div class=\"twp-read-time\">\n                \t<i class=\"booster-icon twp-clock\"><\/i> <span>Read Time:<\/span>25 Second                <\/div>\n\n            <\/div><p>In linea teorica e di principio, non fa una grinza l&#8217;equazione\/sentenza contenuta nella bandiera editoriale del direttore del Corriere della Sera, Mieli: &#8220;libert\u00e0 di stampa vuol dire, dunque, alla fine, solo e sempre libert\u00e0 di criticare i poteri&#8221;. In tempi di intrecci di interessi fra politica, finanza e la stessa editoria, nonch\u00e8 di informazione spettacolo usa e getta come qualsiasi altra merce, ci si chiede se i cosiddetti cani da guardia dei poteri hanno ancora voglia e possibilit\u00e0 e, soprattutto, denti per azzannare.<\/p>\n","protected":false},"excerpt":{"rendered":"<p>In linea teorica e di principio, non fa una grinza l&#8217;equazione\/sentenza contenuta nella bandiera editoriale del direttore del Corriere della Sera, Mieli: &#8220;libert\u00e0 di stampa vuol dire, dunque, alla fine, solo e sempre libert\u00e0 di criticare i poteri&#8221;. In tempi di intrecci di interessi fra politica, finanza e la stessa editoria, nonch\u00e8 di informazione spettacolo [&hellip;]<\/p>\n","protected":false},"author":1,"featured_media":0,"comment_status":"closed","ping_status":"closed","sticky":false,"template":"","format":"standard","meta":{"footnotes":""},"categories":[31],"tags":[],"class_list":["post-763","post","type-post","status-publish","format-standard","hentry","category-archivio-storico-scr"],"_links":{"self":[{"href":"https:\/\/www.sindacatocronisti.it\/wordpress\/wp-json\/wp\/v2\/posts\/763","targetHints":{"allow":["GET"]}}],"collection":[{"href":"https:\/\/www.sindacatocronisti.it\/wordpress\/wp-json\/wp\/v2\/posts"}],"about":[{"href":"https:\/\/www.sindacatocronisti.it\/wordpress\/wp-json\/wp\/v2\/types\/post"}],"author":[{"embeddable":true,"href":"https:\/\/www.sindacatocronisti.it\/wordpress\/wp-json\/wp\/v2\/users\/1"}],"replies":[{"embeddable":true,"href":"https:\/\/www.sindacatocronisti.it\/wordpress\/wp-json\/wp\/v2\/comments?post=763"}],"version-history":[{"count":1,"href":"https:\/\/www.sindacatocronisti.it\/wordpress\/wp-json\/wp\/v2\/posts\/763\/revisions"}],"predecessor-version":[{"id":793,"href":"https:\/\/www.sindacatocronisti.it\/wordpress\/wp-json\/wp\/v2\/posts\/763\/revisions\/793"}],"wp:attachment":[{"href":"https:\/\/www.sindacatocronisti.it\/wordpress\/wp-json\/wp\/v2\/media?parent=763"}],"wp:term":[{"taxonomy":"category","embeddable":true,"href":"https:\/\/www.sindacatocronisti.it\/wordpress\/wp-json\/wp\/v2\/categories?post=763"},{"taxonomy":"post_tag","embeddable":true,"href":"https:\/\/www.sindacatocronisti.it\/wordpress\/wp-json\/wp\/v2\/tags?post=763"}],"curies":[{"name":"wp","href":"https:\/\/api.w.org\/{rel}","templated":true}]}}