{"id":761,"date":"2006-09-03T18:45:22","date_gmt":"2006-09-03T16:45:22","guid":{"rendered":"https:\/\/www.sindacatocronisti.it\/wordpress\/2006\/09\/03\/anomalia-corsera-mieli-1-e-2\/"},"modified":"2020-08-26T00:52:12","modified_gmt":"2020-08-25T22:52:12","slug":"anomalia-corsera-mieli-1-e-2","status":"publish","type":"post","link":"https:\/\/www.sindacatocronisti.it\/wordpress\/2006\/09\/03\/anomalia-corsera-mieli-1-e-2\/","title":{"rendered":"ANOMALIA CORSERA MIELI 1 E 2"},"content":{"rendered":"<div class='booster-block booster-read-block'>\n                <div class=\"twp-read-time\">\n                \t<i class=\"booster-icon twp-clock\"><\/i> <span>Read Time:<\/span>37 Second                <\/div>\n\n            <\/div><p>Paolo Mieli 1 e 2. La linea editoriale del direttore del Corriere della Sera ai blocchi di partenza del 20 dicembre 2004: &#8220;Libert\u00e0 di stampa vuol dire dunque, alla fine, solo e sempre libert\u00e0 di criticare i poteri&#8221;. Cambio di marcia nell&#8217;editoriale pre-elettorale dell&#8217;8 marzo 2006 con l&#8217;auspicio di &#8220;un esito favorevole di una delle due parti in competizione: il centrosinistra&#8221;. Un gesto senza precedenti nella storia del Corriere, una scelta consueta nella tradizione dell&#8217;editoria anglosassone che, per\u00f2, non fa professione di neutralit\u00e0. Il cdr del giornale gli contesta la misura di un passo compiuto a met\u00e0 perch\u00e9, una volta fatta la scelta di schieramento, sarebbe una contraddizione esonerare gli altri editorialisti e commentatori come, invece, ha inteso Mieli. Anomalia nell&#8217;anomalia italiana.<\/p>\n","protected":false},"excerpt":{"rendered":"<p>Paolo Mieli 1 e 2. La linea editoriale del direttore del Corriere della Sera ai blocchi di partenza del 20 dicembre 2004: &#8220;Libert\u00e0 di stampa vuol dire dunque, alla fine, solo e sempre libert\u00e0 di criticare i poteri&#8221;. Cambio di marcia nell&#8217;editoriale pre-elettorale dell&#8217;8 marzo 2006 con l&#8217;auspicio di &#8220;un esito favorevole di una delle [&hellip;]<\/p>\n","protected":false},"author":1,"featured_media":0,"comment_status":"closed","ping_status":"closed","sticky":false,"template":"","format":"standard","meta":{"footnotes":""},"categories":[31],"tags":[],"class_list":["post-761","post","type-post","status-publish","format-standard","hentry","category-archivio-storico-scr"],"_links":{"self":[{"href":"https:\/\/www.sindacatocronisti.it\/wordpress\/wp-json\/wp\/v2\/posts\/761","targetHints":{"allow":["GET"]}}],"collection":[{"href":"https:\/\/www.sindacatocronisti.it\/wordpress\/wp-json\/wp\/v2\/posts"}],"about":[{"href":"https:\/\/www.sindacatocronisti.it\/wordpress\/wp-json\/wp\/v2\/types\/post"}],"author":[{"embeddable":true,"href":"https:\/\/www.sindacatocronisti.it\/wordpress\/wp-json\/wp\/v2\/users\/1"}],"replies":[{"embeddable":true,"href":"https:\/\/www.sindacatocronisti.it\/wordpress\/wp-json\/wp\/v2\/comments?post=761"}],"version-history":[{"count":1,"href":"https:\/\/www.sindacatocronisti.it\/wordpress\/wp-json\/wp\/v2\/posts\/761\/revisions"}],"predecessor-version":[{"id":791,"href":"https:\/\/www.sindacatocronisti.it\/wordpress\/wp-json\/wp\/v2\/posts\/761\/revisions\/791"}],"wp:attachment":[{"href":"https:\/\/www.sindacatocronisti.it\/wordpress\/wp-json\/wp\/v2\/media?parent=761"}],"wp:term":[{"taxonomy":"category","embeddable":true,"href":"https:\/\/www.sindacatocronisti.it\/wordpress\/wp-json\/wp\/v2\/categories?post=761"},{"taxonomy":"post_tag","embeddable":true,"href":"https:\/\/www.sindacatocronisti.it\/wordpress\/wp-json\/wp\/v2\/tags?post=761"}],"curies":[{"name":"wp","href":"https:\/\/api.w.org\/{rel}","templated":true}]}}