{"id":75,"date":"2019-03-18T10:41:59","date_gmt":"2019-03-18T09:41:59","guid":{"rendered":"https:\/\/www.sindacatocronisti.it\/wordpress\/2019\/03\/18\/in-prima-linea-fino-all-ultimo-l-addio-a-gino-falleri-92-anni\/"},"modified":"2019-03-18T10:41:59","modified_gmt":"2019-03-18T09:41:59","slug":"in-prima-linea-fino-all-ultimo-l-addio-a-gino-falleri-92-anni","status":"publish","type":"post","link":"https:\/\/www.sindacatocronisti.it\/wordpress\/2019\/03\/18\/in-prima-linea-fino-all-ultimo-l-addio-a-gino-falleri-92-anni\/","title":{"rendered":"In prima linea fino all&#8217;ultimo: l&#8217;addio a Gino Falleri, 92 anni"},"content":{"rendered":"<div class='booster-block booster-read-block'>\n                <div class=\"twp-read-time\">\n                \t<i class=\"booster-icon twp-clock\"><\/i> <span>Read Time:<\/span>1 Minute, 51 Second                <\/div>\n\n            <\/div><p>Oggi doveva essere a Bruxelles, come docente per un corso di formazione per i colleghi italiani che lavorano all&#8217;estero. Un appuntamento che aveva preso nonostante gli ultimi gravi problemi di salute. Ma aggravatosi ha dovuto rinunciare. Non ha mai smesso di essere in prima linea, <strong>Luigi Falleri<\/strong>, conosciuto da tutti come Gino. Era il decano dei pubblicisti italiani, confermato ancora una volta nell&#8217;incarico di vicepresidente dell&#8217;Ordine dei giornalisti del Lazio, dopo essere stato eletto al primo turno alle ultime elezioni con 709 preferenze. E&#8217; morto nella notte nella clinica romana dove era ricoverato. Aveva 92 anni.<\/p>\n<p>Marchigiano, nato nel borgo di Mercatello sul Metauro l&#8217;8 luglio 1926, Gino viveva a Roma da quando era ragazzo. Qui ha lavorato come cronista in tutte le testate pi\u00f9 importanti della carta stampa, dal Messaggero al Popolo, dal Giornale d&#8217;Italia a Momento Sera, ma anche su altre &#8220;piattaforme&#8221; del giornalismo, dalle agenzie di stampa fino al Gr2. Sessantadue anni fa prese il tesserino dell&#8217;Ordine, elenco pubblicisti. E da pubblicista ha diretto anche una testata tv, TeleTerni, per tre anni. Per pi\u00f9 di mezzo secolo, un primato che sembra imbattibile, \u00e8 stato il riferimento dei pubblicisti di Roma e del Lazio ricoprendo la carica di&nbsp;vicepresidente dell&#8217;Ordine regionale; all&#8217;Associazione stampa romana \u00e8 stato per pi\u00f9 consiliature vicesegretario; nella Fnsi, la Federazione nazionale della Stampa, \u00e8 stato in tre consiliature componente della Giunta esecutiva e vicesegretario nazionale. Fondatore dell&#8217;Eurispes e del Gus, Gruppo uffici stampa, \u00e8 stato docente universitario di giornalismo e di diritto all&#8217;informazione alla Luiss di Roma e in altre universit\u00e0, tra cui Pisa e Siena. Autorevole e presente, era il riconosciuto punto di riferimento di tutti i giornalisti &#8211; anche professionisti &#8211; nel Consiglio regionale dell&#8217;Ordine, per la sua competenza e disponibilit\u00e0. Carlo Parisi, segretario aggiunto della Fnsi, nel ricordarlo lo ha definito &#8220;il pubblicista del secolo&#8221;.<\/p>\n<p>I funerali si sono svolti&nbsp;nel pomeriggio del&nbsp;19 marzo nella parrocchia di San Mattia<strong>&nbsp;<\/strong>a via Renato Fucini n. 285, zona Talenti. Nel quartiere dove Gino abitava e, con l&#8217;autobus, nonostante l&#8217;et\u00e0 non leggera, ragginugeva il centro di Roma e il suo ufficio a piazza della Torretta 36<\/p>\n<p>Alla moglie Rossana e al figlio Roberto l&#8217;abbraccio del Sindacato cronisti romani.<\/p>\n<p><strong>Il Sindacato cronisti romani<\/strong><\/p>\n","protected":false},"excerpt":{"rendered":"<p>Oggi doveva essere a Bruxelles, come docente per un corso di formazione per i colleghi italiani che lavorano all&#8217;estero. Un appuntamento che aveva preso nonostante gli ultimi gravi problemi di salute. Ma aggravatosi ha dovuto rinunciare. Non ha mai smesso di essere in prima linea, Luigi Falleri, conosciuto da tutti come Gino. Era il decano [&hellip;]<\/p>\n","protected":false},"author":1,"featured_media":0,"comment_status":"open","ping_status":"open","sticky":false,"template":"","format":"standard","meta":{"footnotes":""},"categories":[6],"tags":[],"class_list":["post-75","post","type-post","status-publish","format-standard","hentry","category-notizie"],"_links":{"self":[{"href":"https:\/\/www.sindacatocronisti.it\/wordpress\/wp-json\/wp\/v2\/posts\/75","targetHints":{"allow":["GET"]}}],"collection":[{"href":"https:\/\/www.sindacatocronisti.it\/wordpress\/wp-json\/wp\/v2\/posts"}],"about":[{"href":"https:\/\/www.sindacatocronisti.it\/wordpress\/wp-json\/wp\/v2\/types\/post"}],"author":[{"embeddable":true,"href":"https:\/\/www.sindacatocronisti.it\/wordpress\/wp-json\/wp\/v2\/users\/1"}],"replies":[{"embeddable":true,"href":"https:\/\/www.sindacatocronisti.it\/wordpress\/wp-json\/wp\/v2\/comments?post=75"}],"version-history":[{"count":0,"href":"https:\/\/www.sindacatocronisti.it\/wordpress\/wp-json\/wp\/v2\/posts\/75\/revisions"}],"wp:attachment":[{"href":"https:\/\/www.sindacatocronisti.it\/wordpress\/wp-json\/wp\/v2\/media?parent=75"}],"wp:term":[{"taxonomy":"category","embeddable":true,"href":"https:\/\/www.sindacatocronisti.it\/wordpress\/wp-json\/wp\/v2\/categories?post=75"},{"taxonomy":"post_tag","embeddable":true,"href":"https:\/\/www.sindacatocronisti.it\/wordpress\/wp-json\/wp\/v2\/tags?post=75"}],"curies":[{"name":"wp","href":"https:\/\/api.w.org\/{rel}","templated":true}]}}