{"id":743,"date":"2003-07-05T00:00:00","date_gmt":"2003-07-04T22:00:00","guid":{"rendered":"https:\/\/www.sindacatocronisti.it\/wordpress\/2003\/07\/05\/diffamazione-nuovo-appello-contro-le-leggi-liberticide\/"},"modified":"2020-08-26T00:52:12","modified_gmt":"2020-08-25T22:52:12","slug":"diffamazione-nuovo-appello-contro-le-leggi-liberticide","status":"publish","type":"post","link":"https:\/\/www.sindacatocronisti.it\/wordpress\/2003\/07\/05\/diffamazione-nuovo-appello-contro-le-leggi-liberticide\/","title":{"rendered":"DIFFAMAZIONE, NUOVO APPELLO CONTRO LE LEGGI LIBERTICIDE"},"content":{"rendered":"<div class='booster-block booster-read-block'>\n                <div class=\"twp-read-time\">\n                \t<i class=\"booster-icon twp-clock\"><\/i> <span>Read Time:<\/span>41 Second                <\/div>\n\n            <\/div><p>L&#8217;Unione nazionale cronisti italiani e il Sindacato cronisti romani, che proprio nei giorni scorsi avevano inviato alla commissione giustizia della Camera una loro proposta antiliberticida sulla riforma del reato di diffamazione a mezzo stampa, denunciano lo stato confusionale del sistema dei poteri che, con il s\u00ec al carcere duro per i giornalisti condannati per diffamazione, si conferma un falso paladino della libert\u00e0 di stampa, mentre nei fatti persegue l&#8217;obiettivo di affossare il diritto dovere di cronaca. Quello che \u00e8 accaduto oggi alla Camera, tradisce la suggestione di sempre di tenere sotto scacco l&#8217;informazione con l&#8217;arma dell&#8217;intimidazione. Di recente, il presidente Ciampi ha raccomandato ai cronisti di&#8221;mantenere la spina dorsale dritta&#8221; nei confronti dei poteri, persuaso che il giornalismo ha ancora forza e capacit\u00e0 di difendere l&#8217;autonomia professionale e il sacrosanto esercizio del diritto di critica.<\/p>\n","protected":false},"excerpt":{"rendered":"<p>L&#8217;Unione nazionale cronisti italiani e il Sindacato cronisti romani, che proprio nei giorni scorsi avevano inviato alla commissione giustizia della Camera una loro proposta antiliberticida sulla riforma del reato di diffamazione a mezzo stampa, denunciano lo stato confusionale del sistema dei poteri che, con il s\u00ec al carcere duro per i giornalisti condannati per diffamazione, [&hellip;]<\/p>\n","protected":false},"author":1,"featured_media":0,"comment_status":"closed","ping_status":"closed","sticky":false,"template":"","format":"standard","meta":{"footnotes":""},"categories":[31],"tags":[],"class_list":["post-743","post","type-post","status-publish","format-standard","hentry","category-archivio-storico-scr"],"_links":{"self":[{"href":"https:\/\/www.sindacatocronisti.it\/wordpress\/wp-json\/wp\/v2\/posts\/743","targetHints":{"allow":["GET"]}}],"collection":[{"href":"https:\/\/www.sindacatocronisti.it\/wordpress\/wp-json\/wp\/v2\/posts"}],"about":[{"href":"https:\/\/www.sindacatocronisti.it\/wordpress\/wp-json\/wp\/v2\/types\/post"}],"author":[{"embeddable":true,"href":"https:\/\/www.sindacatocronisti.it\/wordpress\/wp-json\/wp\/v2\/users\/1"}],"replies":[{"embeddable":true,"href":"https:\/\/www.sindacatocronisti.it\/wordpress\/wp-json\/wp\/v2\/comments?post=743"}],"version-history":[{"count":1,"href":"https:\/\/www.sindacatocronisti.it\/wordpress\/wp-json\/wp\/v2\/posts\/743\/revisions"}],"predecessor-version":[{"id":827,"href":"https:\/\/www.sindacatocronisti.it\/wordpress\/wp-json\/wp\/v2\/posts\/743\/revisions\/827"}],"wp:attachment":[{"href":"https:\/\/www.sindacatocronisti.it\/wordpress\/wp-json\/wp\/v2\/media?parent=743"}],"wp:term":[{"taxonomy":"category","embeddable":true,"href":"https:\/\/www.sindacatocronisti.it\/wordpress\/wp-json\/wp\/v2\/categories?post=743"},{"taxonomy":"post_tag","embeddable":true,"href":"https:\/\/www.sindacatocronisti.it\/wordpress\/wp-json\/wp\/v2\/tags?post=743"}],"curies":[{"name":"wp","href":"https:\/\/api.w.org\/{rel}","templated":true}]}}