{"id":74,"date":"2019-03-13T17:56:08","date_gmt":"2019-03-13T16:56:08","guid":{"rendered":"https:\/\/www.sindacatocronisti.it\/wordpress\/2019\/03\/13\/il-ruolo-del-cronista-oggi-quello-che-i-social-non-dicono\/"},"modified":"2020-08-21T15:14:23","modified_gmt":"2020-08-21T13:14:23","slug":"il-ruolo-del-cronista-oggi-quello-che-i-social-non-dicono","status":"publish","type":"post","link":"https:\/\/www.sindacatocronisti.it\/wordpress\/2019\/03\/13\/il-ruolo-del-cronista-oggi-quello-che-i-social-non-dicono\/","title":{"rendered":"Il ruolo del cronista oggi: quello che i social non dicono"},"content":{"rendered":"<div class='booster-block booster-read-block'>\n                <div class=\"twp-read-time\">\n                \t<i class=\"booster-icon twp-clock\"><\/i> <span>Read Time:<\/span>3 Minute, 2 Second                <\/div>\n\n            <\/div><p><strong>di Cristiana Cimmino<\/strong><\/p>\n<p>Ho sempre pensato che il ruolo di un giornalista andasse al di l\u00e0 della mera informazione. Credevo di avere il privilegio di fare un mestiere che poteva e doveva raccontare la storia nel suo divenire. Perch\u00e9 un buon cronista, che sia di politica , nera o rosa o bianca, questo dovrebbe fare: raccontare il suo tempo nel modo migliore possibile.<\/p>\n<p>Ma oggi \u00e8 ancora vero questo assunto, che ho condiviso con i miei colleghi in vari giornali, in particolare durante quella romatica avventura che si chiamava Paese sera ? Io credo di s\u00ec, e so di non essere sola. La politica di oggi parla ai suoi presunti elettori attraverso i vari social. L\u2019emergente leva della classe politica del nuovo millennio parla su Istagram, facebook, twitter. In Italia come nel resto del mondo. E questo \u201cmetodo\u201d fa credere all\u2019uomo e alla donna della strada, di essere direttamente in contatto con questo o quel leader, con questa o con quella istuzione.<\/p>\n<p>Niente di pi\u00f9 falso. Perch\u00e8 quello che i social non dicono \u00e8, o dovrebbe essere, la vera, l\u2019unica vera, informazione. Niente di pi\u00f9 illusorio che i bombardamento di notizie che ci arriva sul web, attraverso i cosiddettii social, significhi essere informati.<\/p>\n<p>Perch\u00e9 i social non sono affatto democratici e veritieri. Perch\u00e9 dietro ai profili, ai twtt, alle immagini postate come si volesse far entrare il fan o l\u2019elettore, direttamente a casa nostra, ci sono sqaudre di comunicatori, che con il gioranalismo non hanno nulla a che fare, anche se, aim\u00e8, alcuni di loro, sono comunque giornalisti professionisti- Non c\u2019\u00e8 niente di casuale, niente di spontaneo. Perci\u00f2 mi pongo e vi pongo una domanda, cari colleghi del sindacato cronisti romani: esiste ancora un ruolo per un cronista nell&#8217;era dei social, che danno l&#8217;illusione di entrare nella vita quotiiana dei vari personaggi, di qualunque spettacolo si tratti.<\/p>\n<p>Quei social che possono martellare di notizie, senza alcun controllo senza alcuna regola. Mettersi contro l notizie frullate dell&#8217;era dei social sarebbe, per il cronista oderno, una battaglia e eeimpari. uello che invece il cronsta di oggi pu\u00e0 fare \u00e8 dare quelle notizie che i social ignorano oppure fornire un altro punto di vista su notiezie correnti, scavando, investigando, dando voce a chi, nei social e nelle trasmissiomi televisive, voce non ha.<\/p>\n<p>Non credo di aver soperto l&#8217;acqua calda nell&#8217;affermare questo. Allora perch\u00e8 sono ben pochi i giornalisti che rischiano in prima persona. Perch\u00e8 siamo ostaggio dellla malavita organizzata, che minaccia senza neppure nascondersi i giornalisti che rischaino ancora per dare certe notizie. Perch\u00e8 \u00e8 in atto una mistificazione dell&#8217;informazione. E sarebbe giusto riportare suddetta informazione sulla retta via.<\/p>\n<p>Sarebbe giusto che i nostri organi di categoria, Ordine e Sindacato,intevenissero, per difendre questi colleghi e un&#8217;imformazione decente e veritiera. Ma questo non avviene. Perch\u00e8 gli editori sono ormai lobby di potere che hanno ben altri interessi aldil\u00e0 dell&#8217;informazione. Perch\u00e8i quello che i social non dicono fa comodo a molti ignorare. Perch\u00e8 ci si trastulla nell&#8217;illusione che basti un link per essere informati. E anche perch\u00e8 i giovani cronisti di oggi crescono a pane e social. Nelle tante scuole e master dell&#8217;Ordine non si insegna certo come dare un&#8217;informazione equa e documentata.<\/p>\n<p>Eppure sono sicura che anche tra i cronisti di oggi, tra i &#8220;giovani &#8221; quarantenni che non hanno ancora un contratto e nemmeno troppe speranze di averlo, ci siano tanti bravi professionisti cui noi, vecchia guardia, cronisti che ne hanno macinata di strada, abbiamo il dovere di tramandare un mestiere che, ancora oggi, \u00e8 termometro di ogni democrazia che vogiia dirsi tale. Perch\u00e8 di un&#8217;informazione asservita e ingannevole si giova soltanto il malcostume, il malaffare, il populismo.<\/p>\n","protected":false},"excerpt":{"rendered":"<p>di Cristiana Cimmino Ho sempre pensato che il ruolo di un giornalista andasse al di l\u00e0 della mera informazione. Credevo di avere il privilegio di fare un mestiere che poteva e doveva raccontare la storia nel suo divenire. Perch\u00e9 un buon cronista, che sia di politica , nera o rosa o bianca, questo dovrebbe fare: [&hellip;]<\/p>\n","protected":false},"author":1,"featured_media":130,"comment_status":"open","ping_status":"open","sticky":false,"template":"","format":"standard","meta":{"footnotes":""},"categories":[7],"tags":[],"class_list":["post-74","post","type-post","status-publish","format-standard","has-post-thumbnail","hentry","category-blognotes"],"_links":{"self":[{"href":"https:\/\/www.sindacatocronisti.it\/wordpress\/wp-json\/wp\/v2\/posts\/74","targetHints":{"allow":["GET"]}}],"collection":[{"href":"https:\/\/www.sindacatocronisti.it\/wordpress\/wp-json\/wp\/v2\/posts"}],"about":[{"href":"https:\/\/www.sindacatocronisti.it\/wordpress\/wp-json\/wp\/v2\/types\/post"}],"author":[{"embeddable":true,"href":"https:\/\/www.sindacatocronisti.it\/wordpress\/wp-json\/wp\/v2\/users\/1"}],"replies":[{"embeddable":true,"href":"https:\/\/www.sindacatocronisti.it\/wordpress\/wp-json\/wp\/v2\/comments?post=74"}],"version-history":[{"count":1,"href":"https:\/\/www.sindacatocronisti.it\/wordpress\/wp-json\/wp\/v2\/posts\/74\/revisions"}],"predecessor-version":[{"id":409,"href":"https:\/\/www.sindacatocronisti.it\/wordpress\/wp-json\/wp\/v2\/posts\/74\/revisions\/409"}],"wp:featuredmedia":[{"embeddable":true,"href":"https:\/\/www.sindacatocronisti.it\/wordpress\/wp-json\/wp\/v2\/media\/130"}],"wp:attachment":[{"href":"https:\/\/www.sindacatocronisti.it\/wordpress\/wp-json\/wp\/v2\/media?parent=74"}],"wp:term":[{"taxonomy":"category","embeddable":true,"href":"https:\/\/www.sindacatocronisti.it\/wordpress\/wp-json\/wp\/v2\/categories?post=74"},{"taxonomy":"post_tag","embeddable":true,"href":"https:\/\/www.sindacatocronisti.it\/wordpress\/wp-json\/wp\/v2\/tags?post=74"}],"curies":[{"name":"wp","href":"https:\/\/api.w.org\/{rel}","templated":true}]}}