{"id":69,"date":"2019-02-28T22:18:13","date_gmt":"2019-02-28T21:18:13","guid":{"rendered":"https:\/\/www.sindacatocronisti.it\/wordpress\/2019\/02\/28\/lazzaro-pappagallo-confermato-segretario-di-stampa-romana-2\/"},"modified":"2019-02-28T22:18:13","modified_gmt":"2019-02-28T21:18:13","slug":"lazzaro-pappagallo-confermato-segretario-di-stampa-romana-2","status":"publish","type":"post","link":"https:\/\/www.sindacatocronisti.it\/wordpress\/2019\/02\/28\/lazzaro-pappagallo-confermato-segretario-di-stampa-romana-2\/","title":{"rendered":"Lazzaro Pappagallo confermato segretario di Stampa romana"},"content":{"rendered":"<div class='booster-block booster-read-block'>\n                <div class=\"twp-read-time\">\n                \t<i class=\"booster-icon twp-clock\"><\/i> <span>Read Time:<\/span>36 Second                <\/div>\n\n            <\/div><p class=\"pull-center\"><img decoding=\"async\" class=\" size-full wp-image-68\" alt=\"\" data-image-widget-flowlayout=\"1\" src=\"https:\/\/www.sindacatocronisti.it\/wordpress\/wp-content\/uploads\/2019\/02\/53544644_2042871229101644_7790561944657723392_n.jpg\" width=\"960\" height=\"720\" srcset=\"https:\/\/www.sindacatocronisti.it\/wordpress\/wp-content\/uploads\/2019\/02\/53544644_2042871229101644_7790561944657723392_n.jpg 960w, https:\/\/www.sindacatocronisti.it\/wordpress\/wp-content\/uploads\/2019\/02\/53544644_2042871229101644_7790561944657723392_n-300x225.jpg 300w, https:\/\/www.sindacatocronisti.it\/wordpress\/wp-content\/uploads\/2019\/02\/53544644_2042871229101644_7790561944657723392_n-768x576.jpg 768w\" sizes=\"(max-width: 960px) 100vw, 960px\" \/><\/p>\n<p>Lazzaro Pappagallo \u00e8 stato confermato dal Congresso di Stampa romana, conclusosi la sera del 28 febbraio 2019, Consigliere segretario dell&#8217;Associazione. A Lazzaro le congratulazioni del Sindacato cronisti romani e l&#8217;augurio di buon lavoro. Le responsabilit\u00e0 che attendono il confermato Segretario sono ancora pi\u00f9 importanti di quelle del suo primo mandato: le divisioni nel gruppo dirigente di Roma, che hanno portato a toni accesi e in alcuni casi sopra le righe, rendono ancora pi\u00f9 forte la necessit\u00e0 di recuperare il contributo di tutti, nel rispetto delle diverse sensibilit\u00e0. Il Sindacato dei giornalisti \u00e8 unitario, e questa unit\u00e0 \u00e8 la sintesi di opinioni e convinzioni diverse con una solo obiettivo, quello di rappresentare al meglio le esigenze della categoria.&nbsp;<\/p>\n","protected":false},"excerpt":{"rendered":"<p>Lazzaro Pappagallo \u00e8 stato confermato dal Congresso di Stampa romana, conclusosi la sera del 28 febbraio 2019, Consigliere segretario dell&#8217;Associazione. A Lazzaro le congratulazioni del Sindacato cronisti romani e l&#8217;augurio di buon lavoro. Le responsabilit\u00e0 che attendono il confermato Segretario sono ancora pi\u00f9 importanti di quelle del suo primo mandato: le divisioni nel gruppo dirigente [&hellip;]<\/p>\n","protected":false},"author":1,"featured_media":68,"comment_status":"open","ping_status":"open","sticky":false,"template":"","format":"standard","meta":{"footnotes":""},"categories":[6],"tags":[],"class_list":["post-69","post","type-post","status-publish","format-standard","has-post-thumbnail","hentry","category-notizie"],"_links":{"self":[{"href":"https:\/\/www.sindacatocronisti.it\/wordpress\/wp-json\/wp\/v2\/posts\/69","targetHints":{"allow":["GET"]}}],"collection":[{"href":"https:\/\/www.sindacatocronisti.it\/wordpress\/wp-json\/wp\/v2\/posts"}],"about":[{"href":"https:\/\/www.sindacatocronisti.it\/wordpress\/wp-json\/wp\/v2\/types\/post"}],"author":[{"embeddable":true,"href":"https:\/\/www.sindacatocronisti.it\/wordpress\/wp-json\/wp\/v2\/users\/1"}],"replies":[{"embeddable":true,"href":"https:\/\/www.sindacatocronisti.it\/wordpress\/wp-json\/wp\/v2\/comments?post=69"}],"version-history":[{"count":0,"href":"https:\/\/www.sindacatocronisti.it\/wordpress\/wp-json\/wp\/v2\/posts\/69\/revisions"}],"wp:featuredmedia":[{"embeddable":true,"href":"https:\/\/www.sindacatocronisti.it\/wordpress\/wp-json\/wp\/v2\/media\/68"}],"wp:attachment":[{"href":"https:\/\/www.sindacatocronisti.it\/wordpress\/wp-json\/wp\/v2\/media?parent=69"}],"wp:term":[{"taxonomy":"category","embeddable":true,"href":"https:\/\/www.sindacatocronisti.it\/wordpress\/wp-json\/wp\/v2\/categories?post=69"},{"taxonomy":"post_tag","embeddable":true,"href":"https:\/\/www.sindacatocronisti.it\/wordpress\/wp-json\/wp\/v2\/tags?post=69"}],"curies":[{"name":"wp","href":"https:\/\/api.w.org\/{rel}","templated":true}]}}