{"id":64,"date":"2019-02-20T10:49:45","date_gmt":"2019-02-20T09:49:45","guid":{"rendered":"https:\/\/www.sindacatocronisti.it\/wordpress\/2019\/02\/20\/andreotti-il-cronista-a-cento-anni-dalla-nascita-ricordo-del-grande-vecchio\/"},"modified":"2019-02-20T10:49:45","modified_gmt":"2019-02-20T09:49:45","slug":"andreotti-il-cronista-a-cento-anni-dalla-nascita-ricordo-del-grande-vecchio","status":"publish","type":"post","link":"https:\/\/www.sindacatocronisti.it\/wordpress\/2019\/02\/20\/andreotti-il-cronista-a-cento-anni-dalla-nascita-ricordo-del-grande-vecchio\/","title":{"rendered":"Andreotti, il cronista. A cento anni dalla nascita ricordo del &#8220;Grande vecchio&#8221;"},"content":{"rendered":"<div class='booster-block booster-read-block'>\n                <div class=\"twp-read-time\">\n                \t<i class=\"booster-icon twp-clock\"><\/i> <span>Read Time:<\/span>2 Minute, 52 Second                <\/div>\n\n            <\/div><p><strong>di Romano Bartoloni <\/strong><\/p>\n<p>Il Grande Vecchio Giulio Andreotti per 70 anni protagonista della scena politica italiana e internazionale avrebbe compiuto 100 anni il 14 gennaio scorso. E\u2019 scomparso a 94 il 6 maggio 2013. Parlamentare dc dal 1945, \u00e8 stato 7 volte presidente del Consiglio, 8 volte ministro della Difesa, 5 volte ministro degli Esteri, 2 volte ministro delle Finanze, 1 volta ministro degli Interni e una volta ministro del Tesoro.<\/p>\n<p><em>A noi piace ricordarlo anche come decano dei giornalisti e cronista doc<\/em>.<\/p>\n<p>   <!--more-->  <\/p>\n<p>L\u2019Andreotti scrittore di razza aveva il giornalismo nel sangue fin da giovanissimo. Ci ha lasciato da decano dei giornalisti con l\u2019iscrizione all\u2019albo dei professionisti di Roma fin dal 1 dicembre 1945, quando l\u2019Ordine era di l\u00e0 da venire. Cronista della prima ora \u00e8 stato tra protagonisti nella redazione del giornale clandestino \u201cIl Popolo\u201d diretto da Guido Gonella, ai tempi dell\u2019occupazione nazista. La sua professionalit\u00e0 giornalistica ( fra l\u2019altro \u00e8 stato direttore di autorevoli testate, \u201dConcretezza\u201d e \u201c30 giorni\u201d) ha ottenuto tanti riconoscimenti, anche se nel suo cuore ha vissuto con calore e simpatia (a cominciare dallo scambio augurale ogni anno in occasione della consegna dell\u2019Agenda del cronista) il suo ruolo di socio onorario del Sindacato cronisti che risale all\u2019indomani della ricostituzione del sodalizio dopo la parentesi fascista. Spesso \u00e8 stato a fianco ai cronisti nelle loro manifestazioni.<\/p>\n<p>Memorabile \u00e8 stata la partecipazione al trentennale del SCR, l\u2019<strong>8 gennaio 1977<\/strong>. Nel Fondo a lui intestato presso l\u2019Istituto Sturzo, tra le migliaia e migliaia di suoi documenti catalogati con cura certosina, sono custoditi 17 foglietti scritti a mano con il discorso rivolto allora, durante quella festa dei cronisti romani. Le sue analisi sul mestiere di allora suonano sempre attuali:\u201d&#8230;Talvolta si pu\u00f2 credere che la validit\u00e0 di un giornale non duri che lo spazio di un mattino. Ma cos\u00ec non \u00e8. Se si pensa bene le cose scritte e quelle non scritte pesano non di rado ben oltre l\u2019effimera fugacit\u00e0 quotidiana ed \u00e8 per questo che la stampa si chiama ed \u00e8 un potere&#8230;\u201d. \u201c&#8230;.I rapporti tra giornali e sviluppo della citt\u00e0: il ruolo \u00e8 di impulso per individuare problemi, stimolare interventi e controllare esecuzioni&#8230;\u201d \u200b \u201c&#8230;Sono convinto che i giornali costituiscano uno strumento insostituibile e quasi cassa di compensazione per formare le generazioni del domani ed \u00e8 l\u2019augurio di riuscire anche in questo campo che io formulo al Sindacato cronisti romani\u201d.<\/p>\n<p>Gli aforismi di Andreotti, la sua <strong>Andreotteneide<\/strong>, sono stati immortalati nella storia politica e sono tuttora divertenti e di attualit\u00e0 per il loro umorismo graffiante: il potere logora chi non ce l\u2019ha; la cattiveria dei buoni \u00e8 pericolosissima; in politica ci sono pi\u00f9 Dracula che donatori di sangue; so di essere di media statura ma non vedo giganti attorno a me; non basta avere ragione, bisogna avere anche qualcuno che te le dia; a parte le guerre puniche, mi attribuiscono di tutto; i pazzi si distinguono in due tipi: quelli che credono di essere Napoleone e quelli che credono di risanare le Ferrovie dello Stato; l\u2019umilt\u00e0 \u00e8 una virt\u00f9. Ma non quando si esercita nelle dichiarazione del redditi; dite sempre la verit\u00e0, ma salvo nelle aule di giustizia, non dite mai tutta la verit\u00e0. E\u2019scomodo e spesso arreca dolore; amo talmente la Germania che ne preferivo due; io sono postumo di me stesso; essendo noi uomini medi, le vie di mezzo sono, per noi, le pi\u00f9 congeniali.<\/p>\n","protected":false},"excerpt":{"rendered":"<p>di Romano Bartoloni Il Grande Vecchio Giulio Andreotti per 70 anni protagonista della scena politica italiana e internazionale avrebbe compiuto 100 anni il 14 gennaio scorso. E\u2019 scomparso a 94 il 6 maggio 2013. Parlamentare dc dal 1945, \u00e8 stato 7 volte presidente del Consiglio, 8 volte ministro della Difesa, 5 volte ministro degli Esteri, [&hellip;]<\/p>\n","protected":false},"author":1,"featured_media":0,"comment_status":"open","ping_status":"open","sticky":false,"template":"","format":"standard","meta":{"footnotes":""},"categories":[6],"tags":[],"class_list":["post-64","post","type-post","status-publish","format-standard","hentry","category-notizie"],"_links":{"self":[{"href":"https:\/\/www.sindacatocronisti.it\/wordpress\/wp-json\/wp\/v2\/posts\/64","targetHints":{"allow":["GET"]}}],"collection":[{"href":"https:\/\/www.sindacatocronisti.it\/wordpress\/wp-json\/wp\/v2\/posts"}],"about":[{"href":"https:\/\/www.sindacatocronisti.it\/wordpress\/wp-json\/wp\/v2\/types\/post"}],"author":[{"embeddable":true,"href":"https:\/\/www.sindacatocronisti.it\/wordpress\/wp-json\/wp\/v2\/users\/1"}],"replies":[{"embeddable":true,"href":"https:\/\/www.sindacatocronisti.it\/wordpress\/wp-json\/wp\/v2\/comments?post=64"}],"version-history":[{"count":0,"href":"https:\/\/www.sindacatocronisti.it\/wordpress\/wp-json\/wp\/v2\/posts\/64\/revisions"}],"wp:attachment":[{"href":"https:\/\/www.sindacatocronisti.it\/wordpress\/wp-json\/wp\/v2\/media?parent=64"}],"wp:term":[{"taxonomy":"category","embeddable":true,"href":"https:\/\/www.sindacatocronisti.it\/wordpress\/wp-json\/wp\/v2\/categories?post=64"},{"taxonomy":"post_tag","embeddable":true,"href":"https:\/\/www.sindacatocronisti.it\/wordpress\/wp-json\/wp\/v2\/tags?post=64"}],"curies":[{"name":"wp","href":"https:\/\/api.w.org\/{rel}","templated":true}]}}