{"id":1636,"date":"2026-08-31T14:51:42","date_gmt":"2026-08-31T12:51:42","guid":{"rendered":"https:\/\/www.sindacatocronisti.it\/wordpress\/?p=1636"},"modified":"2026-08-31T14:55:03","modified_gmt":"2026-08-31T12:55:03","slug":"addio-a-romano-bartoloni-un-cronista-vero","status":"publish","type":"post","link":"https:\/\/www.sindacatocronisti.it\/wordpress\/2026\/08\/31\/addio-a-romano-bartoloni-un-cronista-vero\/","title":{"rendered":"Addio a Romano Bartoloni, un cronista vero"},"content":{"rendered":"<div class='booster-block booster-read-block'>\n                <div class=\"twp-read-time\">\n                \t<i class=\"booster-icon twp-clock\"><\/i> <span>Read Time:<\/span>1 Minute, 34 Second                <\/div>\n\n            <\/div>\n<p>La scomparsa di <strong>Romano Bartoloni<\/strong> lascia un grande vuoto nel giornalismo romano e in tutti noi che abbiamo avuto la fortuna di conoscerlo, frequentarlo e condividere con lui tante battaglie.<\/p>\n\n\n\n<p>Romano era un cronista vero, un giornalista libero, fuori dagli schemi e dalle appartenenze, capace di difendere con la stessa passione la libert\u00e0 di stampa, i diritti dei colleghi e quelli di chiunque avesse ricevuto un\u2019ingiustizia.<\/p>\n\n\n\n<figure class=\"wp-block-gallery has-nested-images columns-default is-cropped wp-block-gallery-1 is-layout-flex wp-block-gallery-is-layout-flex\">\n<figure class=\"wp-block-image size-large\"><img decoding=\"async\" width=\"1024\" height=\"632\" data-id=\"341\" src=\"https:\/\/www.sindacatocronisti.it\/wordpress\/wp-content\/uploads\/2020\/08\/Romano-Bartoloni-1024x632.jpg\" alt=\"Romano Bartoloni\" class=\"wp-image-341\" srcset=\"https:\/\/www.sindacatocronisti.it\/wordpress\/wp-content\/uploads\/2020\/08\/Romano-Bartoloni-1024x632.jpg 1024w, https:\/\/www.sindacatocronisti.it\/wordpress\/wp-content\/uploads\/2020\/08\/Romano-Bartoloni-300x185.jpg 300w, https:\/\/www.sindacatocronisti.it\/wordpress\/wp-content\/uploads\/2020\/08\/Romano-Bartoloni-768x474.jpg 768w, https:\/\/www.sindacatocronisti.it\/wordpress\/wp-content\/uploads\/2020\/08\/Romano-Bartoloni.jpg 1532w\" sizes=\"(max-width: 1024px) 100vw, 1024px\" \/><\/figure>\n<\/figure>\n\n\n\n<p>Per noi Cronisti Romani, per\u00f2, Romano \u00e8 stato molto di pi\u00f9. \u00c8 stato <strong>un punto di riferimento<\/strong>, una memoria preziosa della nostra storia e, soprattutto, un amico.<\/p>\n\n\n\n<p>Lo ricordiamo con il suo carattere forte, la sua ironia, le battute fulminanti, le discussioni appassionate e quella capacit\u00e0 di non arrendersi mai. Anche quando gli anni avrebbero consigliato maggiore prudenza, Romano continuava a girare per Roma con l&#8217;entusiasmo di un ragazzo. Sempre in movimento, sempre curioso, sempre pronto a lottare per una causa che riteneva giusto combattere.<\/p>\n\n\n\n<p>Dietro il giornalista combattivo c&#8217;era poi <strong>un uomo capace di amicizia autentica e profonda<\/strong>, di affetto e di una generosit\u00e0 che conosce bene chi gli \u00e8 stato vicino.<\/p>\n\n\n\n<figure class=\"wp-block-gallery has-nested-images columns-default is-cropped wp-block-gallery-2 is-layout-flex wp-block-gallery-is-layout-flex\">\n<figure class=\"wp-block-image size-large\"><img decoding=\"async\" width=\"556\" height=\"376\" data-id=\"1035\" src=\"https:\/\/www.sindacatocronisti.it\/wordpress\/wp-content\/uploads\/2020\/08\/bartoloniscalfaro1994.jpg\" alt=\"\" class=\"wp-image-1035\" srcset=\"https:\/\/www.sindacatocronisti.it\/wordpress\/wp-content\/uploads\/2020\/08\/bartoloniscalfaro1994.jpg 556w, https:\/\/www.sindacatocronisti.it\/wordpress\/wp-content\/uploads\/2020\/08\/bartoloniscalfaro1994-300x203.jpg 300w\" sizes=\"(max-width: 556px) 100vw, 556px\" \/><figcaption class=\"wp-element-caption\">Romano Bartoloni e Eugenio Scalfaro 1994<\/figcaption><\/figure>\n<\/figure>\n\n\n\n<p>Romano aveva iniziato la sua carriera giornalistica nei primi anni &#8217;60, professionista dal 1962, fino a diventare caporedattore de Il Popolo. \u00c8 stato a lungo presidente del <strong>Sindacato Cronisti Romani<\/strong>, dell&#8217;Unci, del gruppo romano giornalisti pensionati e consigliere dell\u2019Inpgi.<\/p>\n\n\n\n<p>Romano apparteneva a quella generazione di cronisti per i quali il giornalismo non era semplicemente un mestiere, ma un modo di stare nel mondo: con curiosit\u00e0, indipendenza e rispetto assoluto dei fatti.<\/p>\n\n\n\n<p>Ci mancheranno le sue telefonate, le sue provocazioni, le sue critiche, le sue battute e persino le discussioni nelle quali era praticamente impossibile convincerlo di avere torto.<\/p>\n\n\n\n<p>Ma soprattutto ci mancher\u00e0 Romano.<\/p>\n\n\n\n<p>Alla sua famiglia va l\u2019abbraccio pi\u00f9 affettuoso del Sindacato Cronisti Romani.<\/p>\n\n\n\n<p>Ciao Romano, e grazie per tutta la strada percorsa insieme.<\/p>\n","protected":false},"excerpt":{"rendered":"<p>La scomparsa di Romano Bartoloni lascia un grande vuoto nel giornalismo romano e in tutti noi che abbiamo avuto la fortuna di conoscerlo, frequentarlo e condividere con lui tante battaglie. Romano era un cronista vero, un giornalista libero, fuori dagli schemi e dalle appartenenze, capace di difendere con la stessa passione la libert\u00e0 di stampa, [&hellip;]<\/p>\n","protected":false},"author":1,"featured_media":1021,"comment_status":"closed","ping_status":"closed","sticky":true,"template":"","format":"standard","meta":{"footnotes":""},"categories":[16,7,3,110,6,13],"tags":[118,26,33,78],"class_list":["post-1636","post","type-post","status-publish","format-standard","has-post-thumbnail","hentry","category-apertura","category-blognotes","category-cronistaromano","category-home","category-notizie","category-notizie-scr","tag-romano-bartoloni","tag-scr","tag-sindacato-cronisti","tag-sindacato-cronisti-romani"],"_links":{"self":[{"href":"https:\/\/www.sindacatocronisti.it\/wordpress\/wp-json\/wp\/v2\/posts\/1636","targetHints":{"allow":["GET"]}}],"collection":[{"href":"https:\/\/www.sindacatocronisti.it\/wordpress\/wp-json\/wp\/v2\/posts"}],"about":[{"href":"https:\/\/www.sindacatocronisti.it\/wordpress\/wp-json\/wp\/v2\/types\/post"}],"author":[{"embeddable":true,"href":"https:\/\/www.sindacatocronisti.it\/wordpress\/wp-json\/wp\/v2\/users\/1"}],"replies":[{"embeddable":true,"href":"https:\/\/www.sindacatocronisti.it\/wordpress\/wp-json\/wp\/v2\/comments?post=1636"}],"version-history":[{"count":2,"href":"https:\/\/www.sindacatocronisti.it\/wordpress\/wp-json\/wp\/v2\/posts\/1636\/revisions"}],"predecessor-version":[{"id":1639,"href":"https:\/\/www.sindacatocronisti.it\/wordpress\/wp-json\/wp\/v2\/posts\/1636\/revisions\/1639"}],"wp:featuredmedia":[{"embeddable":true,"href":"https:\/\/www.sindacatocronisti.it\/wordpress\/wp-json\/wp\/v2\/media\/1021"}],"wp:attachment":[{"href":"https:\/\/www.sindacatocronisti.it\/wordpress\/wp-json\/wp\/v2\/media?parent=1636"}],"wp:term":[{"taxonomy":"category","embeddable":true,"href":"https:\/\/www.sindacatocronisti.it\/wordpress\/wp-json\/wp\/v2\/categories?post=1636"},{"taxonomy":"post_tag","embeddable":true,"href":"https:\/\/www.sindacatocronisti.it\/wordpress\/wp-json\/wp\/v2\/tags?post=1636"}],"curies":[{"name":"wp","href":"https:\/\/api.w.org\/{rel}","templated":true}]}}