{"id":1404,"date":"2022-05-07T11:22:53","date_gmt":"2022-05-07T09:22:53","guid":{"rendered":"https:\/\/www.sindacatocronisti.it\/wordpress\/?p=1404"},"modified":"2022-05-07T11:22:54","modified_gmt":"2022-05-07T09:22:54","slug":"la-cerimonia-di-consegna-del-premio-cronista-dellanno-ad-adelaide-pierucci","status":"publish","type":"post","link":"https:\/\/www.sindacatocronisti.it\/wordpress\/2022\/05\/07\/la-cerimonia-di-consegna-del-premio-cronista-dellanno-ad-adelaide-pierucci\/","title":{"rendered":"La cerimonia di consegna del  premio Cronista dell&#8217;Anno ad Adelaide Pierucci"},"content":{"rendered":"<div class='booster-block booster-read-block'>\n                <div class=\"twp-read-time\">\n                \t<i class=\"booster-icon twp-clock\"><\/i> <span>Read Time:<\/span>1 Minute, 7 Second                <\/div>\n\n            <\/div>\n<p>Si \u00e8 svolta gioved\u00ec 14 aprile 2022 la cerimonia di assegnazione del premio &#8220;Cronista dell&#8217;anno&#8221; del Sindacato Cronisti Romani.<br>Quest&#8217;anno il premio \u00e8 stato conferito dal presidente del Sindaco cronisti, Pierluigi Roesler Franz, alla giornalista Adelaide Pierucci per aver raccontato, con alcuni articoli pubblicati su Il Messaggero, la triste vicenda di un pensionato romano che al ritorno da un ricovero in ospedale non \u00e8 pi\u00f9 potuto rientrare nella propria abitazione perch\u00e9 era stata occupata abusivamente.<\/p>\n\n\n\n<figure class=\"wp-block-gallery columns-3 is-cropped wp-block-gallery-1 is-layout-flex wp-block-gallery-is-layout-flex\"><ul class=\"blocks-gallery-grid\"><li class=\"blocks-gallery-item\"><figure><img decoding=\"async\" width=\"955\" height=\"1024\" src=\"https:\/\/www.sindacatocronisti.it\/wordpress\/wp-content\/uploads\/2022\/05\/0d6c8d95-c5d3-41cd-9f6a-9fc9c8b6d095-955x1024.jpg\" alt=\"premio cronista\" data-id=\"1408\" data-full-url=\"https:\/\/www.sindacatocronisti.it\/wordpress\/wp-content\/uploads\/2022\/05\/0d6c8d95-c5d3-41cd-9f6a-9fc9c8b6d095.jpg\" data-link=\"https:\/\/www.sindacatocronisti.it\/wordpress\/?attachment_id=1408\" class=\"wp-image-1408\" srcset=\"https:\/\/www.sindacatocronisti.it\/wordpress\/wp-content\/uploads\/2022\/05\/0d6c8d95-c5d3-41cd-9f6a-9fc9c8b6d095-955x1024.jpg 955w, https:\/\/www.sindacatocronisti.it\/wordpress\/wp-content\/uploads\/2022\/05\/0d6c8d95-c5d3-41cd-9f6a-9fc9c8b6d095-280x300.jpg 280w, https:\/\/www.sindacatocronisti.it\/wordpress\/wp-content\/uploads\/2022\/05\/0d6c8d95-c5d3-41cd-9f6a-9fc9c8b6d095-768x824.jpg 768w, https:\/\/www.sindacatocronisti.it\/wordpress\/wp-content\/uploads\/2022\/05\/0d6c8d95-c5d3-41cd-9f6a-9fc9c8b6d095-1432x1536.jpg 1432w, https:\/\/www.sindacatocronisti.it\/wordpress\/wp-content\/uploads\/2022\/05\/0d6c8d95-c5d3-41cd-9f6a-9fc9c8b6d095.jpg 1492w\" sizes=\"(max-width: 955px) 100vw, 955px\" \/><\/figure><\/li><li class=\"blocks-gallery-item\"><figure><img decoding=\"async\" width=\"1024\" height=\"682\" src=\"https:\/\/www.sindacatocronisti.it\/wordpress\/wp-content\/uploads\/2022\/05\/d74e7265-dff8-4606-8d0a-9864455394b3-1024x682.jpg\" alt=\"\" data-id=\"1409\" data-full-url=\"https:\/\/www.sindacatocronisti.it\/wordpress\/wp-content\/uploads\/2022\/05\/d74e7265-dff8-4606-8d0a-9864455394b3.jpg\" data-link=\"https:\/\/www.sindacatocronisti.it\/wordpress\/?attachment_id=1409\" class=\"wp-image-1409\" srcset=\"https:\/\/www.sindacatocronisti.it\/wordpress\/wp-content\/uploads\/2022\/05\/d74e7265-dff8-4606-8d0a-9864455394b3-1024x682.jpg 1024w, https:\/\/www.sindacatocronisti.it\/wordpress\/wp-content\/uploads\/2022\/05\/d74e7265-dff8-4606-8d0a-9864455394b3-300x200.jpg 300w, https:\/\/www.sindacatocronisti.it\/wordpress\/wp-content\/uploads\/2022\/05\/d74e7265-dff8-4606-8d0a-9864455394b3-768x512.jpg 768w, https:\/\/www.sindacatocronisti.it\/wordpress\/wp-content\/uploads\/2022\/05\/d74e7265-dff8-4606-8d0a-9864455394b3-1536x1023.jpg 1536w, https:\/\/www.sindacatocronisti.it\/wordpress\/wp-content\/uploads\/2022\/05\/d74e7265-dff8-4606-8d0a-9864455394b3.jpg 1600w\" sizes=\"(max-width: 1024px) 100vw, 1024px\" \/><\/figure><\/li><li class=\"blocks-gallery-item\"><figure><img decoding=\"async\" width=\"1024\" height=\"691\" src=\"https:\/\/www.sindacatocronisti.it\/wordpress\/wp-content\/uploads\/2022\/05\/d80bb0e1-94de-460e-8eb9-0f69042af727-1024x691.jpg\" alt=\"\" data-id=\"1410\" data-full-url=\"https:\/\/www.sindacatocronisti.it\/wordpress\/wp-content\/uploads\/2022\/05\/d80bb0e1-94de-460e-8eb9-0f69042af727.jpg\" data-link=\"https:\/\/www.sindacatocronisti.it\/wordpress\/?attachment_id=1410\" class=\"wp-image-1410\" srcset=\"https:\/\/www.sindacatocronisti.it\/wordpress\/wp-content\/uploads\/2022\/05\/d80bb0e1-94de-460e-8eb9-0f69042af727-1024x691.jpg 1024w, https:\/\/www.sindacatocronisti.it\/wordpress\/wp-content\/uploads\/2022\/05\/d80bb0e1-94de-460e-8eb9-0f69042af727-300x202.jpg 300w, https:\/\/www.sindacatocronisti.it\/wordpress\/wp-content\/uploads\/2022\/05\/d80bb0e1-94de-460e-8eb9-0f69042af727-768x518.jpg 768w, https:\/\/www.sindacatocronisti.it\/wordpress\/wp-content\/uploads\/2022\/05\/d80bb0e1-94de-460e-8eb9-0f69042af727-1536x1036.jpg 1536w, https:\/\/www.sindacatocronisti.it\/wordpress\/wp-content\/uploads\/2022\/05\/d80bb0e1-94de-460e-8eb9-0f69042af727.jpg 1600w\" sizes=\"(max-width: 1024px) 100vw, 1024px\" \/><\/figure><\/li><li class=\"blocks-gallery-item\"><figure><img decoding=\"async\" width=\"1024\" height=\"538\" src=\"https:\/\/www.sindacatocronisti.it\/wordpress\/wp-content\/uploads\/2022\/05\/7dc33f76-2ba1-4170-8aca-19ef13260471-1024x538.jpg\" alt=\"\" data-id=\"1407\" data-full-url=\"https:\/\/www.sindacatocronisti.it\/wordpress\/wp-content\/uploads\/2022\/05\/7dc33f76-2ba1-4170-8aca-19ef13260471.jpg\" data-link=\"https:\/\/www.sindacatocronisti.it\/wordpress\/?attachment_id=1407\" class=\"wp-image-1407\" srcset=\"https:\/\/www.sindacatocronisti.it\/wordpress\/wp-content\/uploads\/2022\/05\/7dc33f76-2ba1-4170-8aca-19ef13260471-1024x538.jpg 1024w, https:\/\/www.sindacatocronisti.it\/wordpress\/wp-content\/uploads\/2022\/05\/7dc33f76-2ba1-4170-8aca-19ef13260471-300x158.jpg 300w, https:\/\/www.sindacatocronisti.it\/wordpress\/wp-content\/uploads\/2022\/05\/7dc33f76-2ba1-4170-8aca-19ef13260471-768x404.jpg 768w, https:\/\/www.sindacatocronisti.it\/wordpress\/wp-content\/uploads\/2022\/05\/7dc33f76-2ba1-4170-8aca-19ef13260471-1536x807.jpg 1536w, https:\/\/www.sindacatocronisti.it\/wordpress\/wp-content\/uploads\/2022\/05\/7dc33f76-2ba1-4170-8aca-19ef13260471.jpg 1600w\" sizes=\"(max-width: 1024px) 100vw, 1024px\" \/><\/figure><\/li><li class=\"blocks-gallery-item\"><figure><img decoding=\"async\" width=\"1024\" height=\"682\" src=\"https:\/\/www.sindacatocronisti.it\/wordpress\/wp-content\/uploads\/2022\/05\/65c46792-413a-47ae-9699-832b6630f651-1024x682.jpg\" alt=\"cronista dell'anno\" data-id=\"1405\" data-full-url=\"https:\/\/www.sindacatocronisti.it\/wordpress\/wp-content\/uploads\/2022\/05\/65c46792-413a-47ae-9699-832b6630f651.jpg\" data-link=\"https:\/\/www.sindacatocronisti.it\/wordpress\/?attachment_id=1405\" class=\"wp-image-1405\" srcset=\"https:\/\/www.sindacatocronisti.it\/wordpress\/wp-content\/uploads\/2022\/05\/65c46792-413a-47ae-9699-832b6630f651-1024x682.jpg 1024w, https:\/\/www.sindacatocronisti.it\/wordpress\/wp-content\/uploads\/2022\/05\/65c46792-413a-47ae-9699-832b6630f651-300x200.jpg 300w, https:\/\/www.sindacatocronisti.it\/wordpress\/wp-content\/uploads\/2022\/05\/65c46792-413a-47ae-9699-832b6630f651-768x512.jpg 768w, https:\/\/www.sindacatocronisti.it\/wordpress\/wp-content\/uploads\/2022\/05\/65c46792-413a-47ae-9699-832b6630f651-1536x1023.jpg 1536w, https:\/\/www.sindacatocronisti.it\/wordpress\/wp-content\/uploads\/2022\/05\/65c46792-413a-47ae-9699-832b6630f651.jpg 1600w\" sizes=\"(max-width: 1024px) 100vw, 1024px\" \/><\/figure><\/li><\/ul><\/figure>\n\n\n\n<p>Grazie al prezioso lavoro della Pierucci la vicenda ha avuto eco mediatico e istituzioni e forze dell&#8217;ordine sono intervenute riuscendo a liberare l&#8217;appartamento e riconsegnarlo al pensionato.<\/p>\n\n\n\n<p>&#8220;Il Sindacato cronisti romani \u00e8 orgoglioso di premiare una collega che si \u00e8 sempre distinta per una scrittura senza retorica e che non rinuncia all&#8217;umanit\u00e0 &#8211; si legge nelle motivazioni del premio &#8220;Cronista dell&#8217;anno&#8221; &#8211; rispettando la vocazione del cronista che \u00e8 testimone mai fazioso ma attento e sensibile. Una storia raccontata per prima e poi nei giorni aggiornata di particolari e retroscena, e che disegna Roma nei suoi chiaroscuri, nelle sue contraddizioni, nelle sue emergenze. Una tappa nella brillante carriera di Adelaide, che si \u00e8 gi\u00e0 pi\u00f9 volte distinta nel descrivere grandi fatti di nera e giudiziaria. Con semplicit\u00e0, con passione, con talento&#8221;.&nbsp;<\/p>\n\n\n\n<p>La cerimonia si \u00e8 svolta nella sala &#8216;Andrea Pesciarelli&#8217; alla presenza di tanti amici e sostenitori del Sindacato Cronisti.<\/p>\n","protected":false},"excerpt":{"rendered":"<p>Si \u00e8 svolta gioved\u00ec 14 aprile 2022 la cerimonia di assegnazione del premio &#8220;Cronista dell&#8217;anno&#8221; del Sindacato Cronisti Romani.Quest&#8217;anno il premio \u00e8 stato conferito dal presidente del Sindaco cronisti, Pierluigi Roesler Franz, alla giornalista Adelaide Pierucci per aver raccontato, con alcuni articoli pubblicati su Il Messaggero, la triste vicenda di un pensionato romano che al [&hellip;]<\/p>\n","protected":false},"author":1,"featured_media":1405,"comment_status":"closed","ping_status":"closed","sticky":true,"template":"","format":"standard","meta":{"footnotes":""},"categories":[16,7,5,6,13],"tags":[26,33],"class_list":["post-1404","post","type-post","status-publish","format-standard","has-post-thumbnail","hentry","category-apertura","category-blognotes","category-direttivoscr","category-notizie","category-notizie-scr","tag-scr","tag-sindacato-cronisti"],"_links":{"self":[{"href":"https:\/\/www.sindacatocronisti.it\/wordpress\/wp-json\/wp\/v2\/posts\/1404","targetHints":{"allow":["GET"]}}],"collection":[{"href":"https:\/\/www.sindacatocronisti.it\/wordpress\/wp-json\/wp\/v2\/posts"}],"about":[{"href":"https:\/\/www.sindacatocronisti.it\/wordpress\/wp-json\/wp\/v2\/types\/post"}],"author":[{"embeddable":true,"href":"https:\/\/www.sindacatocronisti.it\/wordpress\/wp-json\/wp\/v2\/users\/1"}],"replies":[{"embeddable":true,"href":"https:\/\/www.sindacatocronisti.it\/wordpress\/wp-json\/wp\/v2\/comments?post=1404"}],"version-history":[{"count":2,"href":"https:\/\/www.sindacatocronisti.it\/wordpress\/wp-json\/wp\/v2\/posts\/1404\/revisions"}],"predecessor-version":[{"id":1412,"href":"https:\/\/www.sindacatocronisti.it\/wordpress\/wp-json\/wp\/v2\/posts\/1404\/revisions\/1412"}],"wp:featuredmedia":[{"embeddable":true,"href":"https:\/\/www.sindacatocronisti.it\/wordpress\/wp-json\/wp\/v2\/media\/1405"}],"wp:attachment":[{"href":"https:\/\/www.sindacatocronisti.it\/wordpress\/wp-json\/wp\/v2\/media?parent=1404"}],"wp:term":[{"taxonomy":"category","embeddable":true,"href":"https:\/\/www.sindacatocronisti.it\/wordpress\/wp-json\/wp\/v2\/categories?post=1404"},{"taxonomy":"post_tag","embeddable":true,"href":"https:\/\/www.sindacatocronisti.it\/wordpress\/wp-json\/wp\/v2\/tags?post=1404"}],"curies":[{"name":"wp","href":"https:\/\/api.w.org\/{rel}","templated":true}]}}