{"id":127,"date":"2019-04-24T11:45:45","date_gmt":"2019-04-24T09:45:45","guid":{"rendered":"https:\/\/www.sindacatocronisti.it\/wordpress\/?p=127"},"modified":"2020-08-26T02:14:05","modified_gmt":"2020-08-26T00:14:05","slug":"scr-il-3-maggio-si-rinnovano-le-cariche-assemblea-dei-soci-ed-elezioni","status":"publish","type":"post","link":"https:\/\/www.sindacatocronisti.it\/wordpress\/2019\/04\/24\/scr-il-3-maggio-si-rinnovano-le-cariche-assemblea-dei-soci-ed-elezioni\/","title":{"rendered":"Scr, il 3 maggio si vota per il rinnovo delle cariche. Seggio aperto fino alle 16.30"},"content":{"rendered":"<div class='booster-block booster-read-block'>\n                <div class=\"twp-read-time\">\n                \t<i class=\"booster-icon twp-clock\"><\/i> <span>Read Time:<\/span>1 Minute, 15 Second                <\/div>\n\n            <\/div><p>Il Direttivo del Sindacato cronisti romani ha approvato le candidature presentate per il rinnovo delle cariche sociali. Le elezioni si svolgeranno il 3 maggio prossimo, in occasione della nostra Assemblea annuale dei soci, che si terr\u00e0 come gi\u00e0 gli ultimi anni nella sala conferenze dell&#8217;Associazione stampa romana. Si tratta della sala intitolata a Paola Angelici a piazza della Torretta 36, primo piano, in fondo a sinistra. L&#8217;Assemblea tradizionale comincer\u00e0 alle 11: c&#8217;\u00e8 da approvare il bilancio (finalmente in attivo e ormai messo in sicurezza), e ci sar\u00e0 la relazione del presidente uscente Morabito sulle cose fatte e le cose che si potranno fare.\u00a0<br \/> Il <strong>seggio<\/strong> &#8211; sempre al primo piano degli uffici di Stampa romana &#8211; sar\u00e0 <strong>aperto alle ore 10 e chiuso alle 16.30<\/strong>. Alle ore 11 &#8211; in contemporanea &#8211; comincer\u00e0 l&#8217;assemblea statutaria annuale con questo ordine del giorno:<br \/> 1) Relazione del presidente: quattro anni di attivit\u00e0 insieme, quello che \u00e8 stato fatto e quello che possiamo fare per difendere il lavoro dei cronisti;<br \/> 2) esame e votazione sul bilancio consultivo 2018 e sul bilancio preventivo 2019;<br \/> 3) varie ed eventuali<\/p>\n<p> <em>Il tesoriere e i revisori di conti sono attesi almeno un&#8217;ora prima, alle ore 10<\/em><\/p>\n<p> All&#8217;Assemblea potranno partecipare anche i soci non in regola con le quote sociali (le ricordiamo: <strong>25 euro<\/strong> per gli attivi, mentre a pensionati e disoccupati \u00e8 chiesto un contributo di <strong>10 euro<\/strong> all&#8217;anno). Anche i soci morosi da pi\u00f9 anni potranno votare, sar\u00e0 necessario per\u00f2 che paghino almeno la quota di un anno<\/p>\n<p> Il Sindacato cronisti romani<\/p>\n","protected":false},"excerpt":{"rendered":"<p>Il Direttivo del Sindacato cronisti romani ha approvato le candidature presentate per il rinnovo delle cariche sociali. Le elezioni si svolgeranno il 3 maggio prossimo, in occasione della nostra Assemblea annuale dei soci, che si terr\u00e0 come gi\u00e0 gli ultimi anni nella sala conferenze dell&#8217;Associazione stampa romana. Si tratta della sala intitolata a Paola Angelici [&hellip;]<\/p>\n","protected":false},"author":1,"featured_media":0,"comment_status":"closed","ping_status":"closed","sticky":false,"template":"","format":"standard","meta":{"footnotes":""},"categories":[21],"tags":[],"class_list":["post-127","post","type-post","status-publish","format-standard","hentry","category-archivioarticoliprecedenti"],"_links":{"self":[{"href":"https:\/\/www.sindacatocronisti.it\/wordpress\/wp-json\/wp\/v2\/posts\/127","targetHints":{"allow":["GET"]}}],"collection":[{"href":"https:\/\/www.sindacatocronisti.it\/wordpress\/wp-json\/wp\/v2\/posts"}],"about":[{"href":"https:\/\/www.sindacatocronisti.it\/wordpress\/wp-json\/wp\/v2\/types\/post"}],"author":[{"embeddable":true,"href":"https:\/\/www.sindacatocronisti.it\/wordpress\/wp-json\/wp\/v2\/users\/1"}],"replies":[{"embeddable":true,"href":"https:\/\/www.sindacatocronisti.it\/wordpress\/wp-json\/wp\/v2\/comments?post=127"}],"version-history":[{"count":1,"href":"https:\/\/www.sindacatocronisti.it\/wordpress\/wp-json\/wp\/v2\/posts\/127\/revisions"}],"predecessor-version":[{"id":928,"href":"https:\/\/www.sindacatocronisti.it\/wordpress\/wp-json\/wp\/v2\/posts\/127\/revisions\/928"}],"wp:attachment":[{"href":"https:\/\/www.sindacatocronisti.it\/wordpress\/wp-json\/wp\/v2\/media?parent=127"}],"wp:term":[{"taxonomy":"category","embeddable":true,"href":"https:\/\/www.sindacatocronisti.it\/wordpress\/wp-json\/wp\/v2\/categories?post=127"},{"taxonomy":"post_tag","embeddable":true,"href":"https:\/\/www.sindacatocronisti.it\/wordpress\/wp-json\/wp\/v2\/tags?post=127"}],"curies":[{"name":"wp","href":"https:\/\/api.w.org\/{rel}","templated":true}]}}