{"id":1241,"date":"2021-03-11T17:22:06","date_gmt":"2021-03-11T16:22:06","guid":{"rendered":"https:\/\/www.sindacatocronisti.it\/wordpress\/?p=1241"},"modified":"2021-03-11T17:24:38","modified_gmt":"2021-03-11T16:24:38","slug":"nuova-data-per-il-corsoi-cronisti-e-il-covid-19","status":"publish","type":"post","link":"https:\/\/www.sindacatocronisti.it\/wordpress\/2021\/03\/11\/nuova-data-per-il-corsoi-cronisti-e-il-covid-19\/","title":{"rendered":"Nuova data per il corso del Sindacato Cronisti Romani \u201cI cronisti e il covid-19\u201d"},"content":{"rendered":"<div class='booster-block booster-read-block'>\n                <div class=\"twp-read-time\">\n                \t<i class=\"booster-icon twp-clock\"><\/i> <span>Read Time:<\/span>28 Second                <\/div>\n\n            <\/div>\n<p>Il corso organizzato dal Sindacato cronisti romani <strong>\u201cI cronisti e il Covid-19\u201d <\/strong>che si \u00e8 svolto lo scorso 10 febbraio sulla piattaforma Zoom verr\u00e0 riproposto <strong>mercoled\u00ec 24 marzo 2021 <\/strong>per soddisfare le richieste di coloro che non hanno potuto partecipare alla prima edizione a causa del raggiungimento del numero massimo consentito.<\/p>\n\n\n\n<p>Il corso si svolger\u00e0 sempre in streaming <strong>dalle ore 10 alle 13 <\/strong>del 24 marzo <strong>sulla piattaforma Zoom<\/strong>. <\/p>\n\n\n\n<p>Le prenotazioni si svolgono esclusivamente sulla piattaforma Sigef e il corso attribuisce 5 crediti deontologici formativi per la formazione professionale continua dell\u2019Odg.<\/p>\n","protected":false},"excerpt":{"rendered":"<p>Il corso organizzato dal Sindacato cronisti romani \u201cI cronisti e il Covid-19\u201d che si \u00e8 svolto lo scorso 10 febbraio sulla piattaforma Zoom verr\u00e0 riproposto mercoled\u00ec 24 marzo 2021 per soddisfare le richieste di coloro che non hanno potuto partecipare alla prima edizione a causa del raggiungimento del numero massimo consentito. Il corso si svolger\u00e0 [&hellip;]<\/p>\n","protected":false},"author":1,"featured_media":1242,"comment_status":"closed","ping_status":"closed","sticky":true,"template":"","format":"standard","meta":{"footnotes":""},"categories":[16,6,13],"tags":[54,52,26,33],"class_list":["post-1241","post","type-post","status-publish","format-standard","has-post-thumbnail","hentry","category-apertura","category-notizie","category-notizie-scr","tag-covid-19-2","tag-odg","tag-scr","tag-sindacato-cronisti"],"_links":{"self":[{"href":"https:\/\/www.sindacatocronisti.it\/wordpress\/wp-json\/wp\/v2\/posts\/1241","targetHints":{"allow":["GET"]}}],"collection":[{"href":"https:\/\/www.sindacatocronisti.it\/wordpress\/wp-json\/wp\/v2\/posts"}],"about":[{"href":"https:\/\/www.sindacatocronisti.it\/wordpress\/wp-json\/wp\/v2\/types\/post"}],"author":[{"embeddable":true,"href":"https:\/\/www.sindacatocronisti.it\/wordpress\/wp-json\/wp\/v2\/users\/1"}],"replies":[{"embeddable":true,"href":"https:\/\/www.sindacatocronisti.it\/wordpress\/wp-json\/wp\/v2\/comments?post=1241"}],"version-history":[{"count":3,"href":"https:\/\/www.sindacatocronisti.it\/wordpress\/wp-json\/wp\/v2\/posts\/1241\/revisions"}],"predecessor-version":[{"id":1245,"href":"https:\/\/www.sindacatocronisti.it\/wordpress\/wp-json\/wp\/v2\/posts\/1241\/revisions\/1245"}],"wp:featuredmedia":[{"embeddable":true,"href":"https:\/\/www.sindacatocronisti.it\/wordpress\/wp-json\/wp\/v2\/media\/1242"}],"wp:attachment":[{"href":"https:\/\/www.sindacatocronisti.it\/wordpress\/wp-json\/wp\/v2\/media?parent=1241"}],"wp:term":[{"taxonomy":"category","embeddable":true,"href":"https:\/\/www.sindacatocronisti.it\/wordpress\/wp-json\/wp\/v2\/categories?post=1241"},{"taxonomy":"post_tag","embeddable":true,"href":"https:\/\/www.sindacatocronisti.it\/wordpress\/wp-json\/wp\/v2\/tags?post=1241"}],"curies":[{"name":"wp","href":"https:\/\/api.w.org\/{rel}","templated":true}]}}