{"id":1073,"date":"2014-09-02T15:04:00","date_gmt":"2014-09-02T13:04:00","guid":{"rendered":"https:\/\/www.sindacatocronisti.it\/wordpress\/?p=1073"},"modified":"2020-08-31T15:05:34","modified_gmt":"2020-08-31T13:05:34","slug":"al-teatro-nino-manfredi-di-ostia-la-serata-di-gala-meet-the-artist","status":"publish","type":"post","link":"https:\/\/www.sindacatocronisti.it\/wordpress\/2014\/09\/02\/al-teatro-nino-manfredi-di-ostia-la-serata-di-gala-meet-the-artist\/","title":{"rendered":"Al Teatro Nino Manfredi di Ostia la Serata di Gala \u201cMeet the Artist&#8221;"},"content":{"rendered":"<div class='booster-block booster-read-block'>\n                <div class=\"twp-read-time\">\n                \t<i class=\"booster-icon twp-clock\"><\/i> <span>Read Time:<\/span>2 Minute, 46 Second                <\/div>\n\n            <\/div>\n<p><strong>Gioved\u00ec 4 Settembre 2014<\/strong>, alle <strong>ore 20<\/strong>, al <strong>Teatro Nino Manfredi di Ostia <\/strong>(<strong>Via dei Pallottini, 10 \u2013 <\/strong>di fronte alla <strong>stazione Lido Centro) <\/strong>avr\u00e0 luogo la <strong>Serata di Gala \u201cMeet the Artist<\/strong>\u201d per onorare la Cultura delle Arti, organizzata dall\u2019<strong>Accademia Internazionale La Sponda<\/strong>, Presidente <strong>Benito Corradini<\/strong>, con la <strong>Fondazione En\u00e9rgeia <\/strong>e l\u2019<strong>Associazione Ambiente e Societ\u00e0<\/strong>, col <strong>Patrocinio di Ministero Beni Culturali e Turismo, Assessorato Cultura di Roma Capitale, Municipio X Roma Capitale, Aeroporti di Roma, Acea, Sindacato Cronisti Romani, ANFFAS, Canale 10 TV<\/strong>. L\u2019Evento fa parte di \u201c<strong>OSTIARTE<\/strong>\u201d, che prevede Mostre internazionali, Mostre <em>en plein air <\/em>di grandi sculture, Promozioni Sociali e di Solidariet\u00e0.<\/p>\n\n\n\n<p>La motivazione del Premio \u00e8 \u201c<strong><em>l\u2019esaltazione dell\u2019attivit\u00e0 di chi opera con alto impegno, prestigio e professionalit\u00e0 per riavvicinare, anche sul piano umano, Personalit\u00e0 di Cultura, Arte, Lavoro, Spettacolo pe Sport in un\u2019atmosfera di amicizia, per un discorso di apertura sociale e di civilt\u00e0\u201d.<\/em><\/strong><\/p>\n\n\n\n<p>Per la <strong>Premiazione<\/strong>, con la consegna del \u201c<strong><em>Lauro<\/em><\/strong>\u201d e del \u201c<strong><em>Diploma<\/em><\/strong>\u201d, la <strong>Giuria<\/strong>, <strong>Romano Bartoloni<\/strong>, Presidente, con <strong>Carlo De Masi <\/strong>e <strong>Amedeo Scornaienchi<\/strong>, Vice Presidenti, ha indicato: <strong><em>per la Cultura<\/em><\/strong>: <strong>Meriban Allyeva <\/strong>(First Lady Azerbajan), <strong>Newton Jones <\/strong>(President Brotherhoods of Boilermakers), <strong>Yuzo Yagi <\/strong>(mecenate \/Giappone), <strong>Andrea Carandini <\/strong>(Pres FAI), <strong>Louis Godart <\/strong>Consigliere Culturale Quirinale), <strong>Antonio Paolucci <\/strong>(Direttore Musei Vaticani, <strong>Claudio Strinati <\/strong>(Storico d\u2019Arte), <strong>Giuseppe De Giorgi <\/strong>(Capo Stato Maggiore Marina Militare), <strong>Giuseppe De Giorgi <\/strong>(AD Aeroporti di Roma), <strong>Marco Ambrogio <\/strong>(Pres ANCI Calabria), <strong>Angelo Morelli <\/strong>(Presidente PremioFair Play), <strong>Roberto Musatti <\/strong>(AD Emerson), <strong>Vincenzo Pezzolet <\/strong>(Gen. Carabinieri, Dir. Rivista CC), <strong>Anna Selvaggi, Vincenzo Bocciarelli, Antonio Buccioni, Franco Burlandi<\/strong>, <strong>Giovanni Mancino, Gilberto Callera <\/strong>(Presidente WEC), <strong>G. Cappelloni, Margherita Ferraris, Anita Garibaldi, E. Giase, M. Guadagnolo, Giovanni Novelli; <\/strong><strong><em>per Medicina e Salute<\/em><\/strong>: <strong>Ernesto Alicicco <\/strong>(Ortopedico), <strong>Sergio Fumi <\/strong>(Psichiatra), <strong>Giovanni Gasbarrini <\/strong>(Gastroenterologo), <strong>Pasquale Lepiane <\/strong>(Chirurgo Trapianti Organo), <strong>Ilde Plateroti<\/strong><\/p>\n\n\n\n<p>(Pres ANFFAS), <strong>Francesco Raponi <\/strong>(Ozonoterapia), <strong>Gaspare Elios Russo <\/strong>(Nefrologo), <strong>Sergio Tiberti <\/strong>(Medicina del Lavoro); <strong><em>per l\u2019Arte<\/em><\/strong>: <strong>Gale\/Silvana Galeone<\/strong>, <strong>Julianos Kattinis, Mark Kostabi, Olga Minardo<\/strong>, <strong>Domenico Annicchiarico, Angelo Camerino, Pasquale Chiuchiarelli, Roberto Gabrieli, Hypnos, Achille Quadrini, Giovanni Reale, Paola Saltarelli<\/strong>; <strong><em>per lo Sport: <\/em><\/strong>i <strong>Campioni Olimpici, Mondiali, Europei delle FFGG Veronica Borsi, Oxana Corso, Stefano Maniscalco, Alessio Sartori; <em>per la Musica: <\/em>Giorgio Onorato, Tatiana Spiridonova; <em>per la tv: <\/em>Canale 10; <em>\u201calla memoria\u201d<\/em><\/strong><em>: <\/em><strong>Fabrizio Zitelli <\/strong>(Artista). <strong>Elena Presti, <\/strong>che si esibir\u00e0 con \u201d<strong>Your Eyes<\/strong>\u201d (dal CD Budda Mediterraneo, Gandi Production), presenter\u00e0 <strong>Spettacolo<\/strong>, con l\u2019esibizione dei <strong>Sax <\/strong>del <strong>prof. Attilio Berni<\/strong>, <strong>Canzoni Romane <\/strong>con <strong>Giorgio Onorato<\/strong>, <strong>Poesie romanesche <\/strong>con <strong>Paolo Procaccini, Marcello Marcelli, Paolo Navarra.<\/strong>Tra i presenti: <strong>S.E.R. Card. Jos\u00e8 Saraiva Martins<\/strong>, gli <strong>Ambasciatori Virgilio A. Reyes <\/strong>(Filippine), <strong>August Parengkuan (<\/strong>Indonesia); <strong>Marin Raykov <\/strong>(Bulgaria), <strong>Andrea Tasciotti<\/strong>, Ambasciatore onorario di Santo Domingo, <strong>Emanuela Droghei <\/strong>(Assessore Salute Municipio 10), Ing. <strong>Mauro Bergamini <\/strong>(Com. VVF Livorno), <strong>Dott. Antonio Sabbatella <\/strong>(Presidente Ist. Studi Europei A. De Gasperi).Lo Staff: <strong>Ennio Ciampoli <\/strong>(Coordinamento), <strong>Salvatore Fiaschi <\/strong>Rapporti con le Associazioni, per le P. R. <strong>Giuliana Mosca, C. Modena, R. Cerasoli, I. Dindo, A. Marsili, <\/strong>all\u2019Ufficio Stampa <strong>Lucio Vetrella <\/strong>(Dir. Rete oro), <strong>M. Valdiserri, M. Magheri, R. Simon, M. Cappelli<\/strong>; in Segreteria <strong>Francesca e Francesco Locorotondo<\/strong>, Hostess <strong>Michela e Veronica Di Fabio<\/strong>, video realizzato da <strong>Marco Bonanni<\/strong>, il sito web da <strong>Gianluca Maccari<\/strong>, la Direzione artistica \u00e8 curata da <strong>Luca Corradini.<\/strong>Le <strong>Associazioni Observo onlus, \u201cEnzo Siciliano\u201d onlus, Arte e Lavoro, Risus, Civilt\u00e0 Romana, Cavalieri Cortesi.<\/strong><\/p>\n","protected":false},"excerpt":{"rendered":"<p>Gioved\u00ec 4 Settembre 2014, alle ore 20, al Teatro Nino Manfredi di Ostia (Via dei Pallottini, 10 \u2013 di fronte alla stazione Lido Centro) avr\u00e0 luogo la Serata di Gala \u201cMeet the Artist\u201d per onorare la Cultura delle Arti, organizzata dall\u2019Accademia Internazionale La Sponda, Presidente Benito Corradini, con la Fondazione En\u00e9rgeia e l\u2019Associazione Ambiente e [&hellip;]<\/p>\n","protected":false},"author":1,"featured_media":0,"comment_status":"closed","ping_status":"closed","sticky":false,"template":"","format":"standard","meta":{"footnotes":""},"categories":[31],"tags":[],"class_list":["post-1073","post","type-post","status-publish","format-standard","hentry","category-archivio-storico-scr"],"_links":{"self":[{"href":"https:\/\/www.sindacatocronisti.it\/wordpress\/wp-json\/wp\/v2\/posts\/1073","targetHints":{"allow":["GET"]}}],"collection":[{"href":"https:\/\/www.sindacatocronisti.it\/wordpress\/wp-json\/wp\/v2\/posts"}],"about":[{"href":"https:\/\/www.sindacatocronisti.it\/wordpress\/wp-json\/wp\/v2\/types\/post"}],"author":[{"embeddable":true,"href":"https:\/\/www.sindacatocronisti.it\/wordpress\/wp-json\/wp\/v2\/users\/1"}],"replies":[{"embeddable":true,"href":"https:\/\/www.sindacatocronisti.it\/wordpress\/wp-json\/wp\/v2\/comments?post=1073"}],"version-history":[{"count":1,"href":"https:\/\/www.sindacatocronisti.it\/wordpress\/wp-json\/wp\/v2\/posts\/1073\/revisions"}],"predecessor-version":[{"id":1074,"href":"https:\/\/www.sindacatocronisti.it\/wordpress\/wp-json\/wp\/v2\/posts\/1073\/revisions\/1074"}],"wp:attachment":[{"href":"https:\/\/www.sindacatocronisti.it\/wordpress\/wp-json\/wp\/v2\/media?parent=1073"}],"wp:term":[{"taxonomy":"category","embeddable":true,"href":"https:\/\/www.sindacatocronisti.it\/wordpress\/wp-json\/wp\/v2\/categories?post=1073"},{"taxonomy":"post_tag","embeddable":true,"href":"https:\/\/www.sindacatocronisti.it\/wordpress\/wp-json\/wp\/v2\/tags?post=1073"}],"curies":[{"name":"wp","href":"https:\/\/api.w.org\/{rel}","templated":true}]}}