{"id":1012,"date":"2010-12-01T23:47:00","date_gmt":"2010-12-01T22:47:00","guid":{"rendered":"https:\/\/www.sindacatocronisti.it\/wordpress\/?p=1012"},"modified":"2020-08-26T23:52:02","modified_gmt":"2020-08-26T21:52:02","slug":"miss-roma-1911","status":"publish","type":"post","link":"https:\/\/www.sindacatocronisti.it\/wordpress\/2010\/12\/01\/miss-roma-1911\/","title":{"rendered":"Miss Roma 1911"},"content":{"rendered":"<div class='booster-block booster-read-block'>\n                <div class=\"twp-read-time\">\n                \t<i class=\"booster-icon twp-clock\"><\/i> <span>Read Time:<\/span>3 Minute, 42 Second                <\/div>\n\n            <\/div>\n<p>Erika, Marika, Ilary, i nomi delle miss di silhouette longilinea dell\u2019Italia di oggi. Gina, Silvana, Sofia, le miss maggiorate del primo dopoguerra.\u00a0 Palmira, Cesira Aurelia, le illibate fanciulle reginette della Roma liberty del primo Sindaco laico di Roma, Nathan. Proclamate belle di Roma nel 1911, giusto 100 anni fa, sono state le prime protagoniste in assoluto di un concorso di bellezza, la cui originale formula \u00e8 stata emulata fino ai nostri giorni: la selezione attraverso il voto dei rioni e nel 1946, ristabilita la normalit\u00e0 postbellica in Italia, attraverso le indicazioni regionali. Un secolo fa vinse la trasteverina Palmira Ceccano, appena diciassettenne, e la cui vita si \u00e8 intrecciata con le vicende storiche della famiglia Amendola: spos\u00f2 l\u2019anno dopo uno dei giurati del concorso, il pittore Salvatore Mario fratello di Giovanni, il parlamentare bastonato a morte dai fascisti.<\/p>\n\n\n\n<figure class=\"wp-block-image size-large\"><img decoding=\"async\" width=\"745\" height=\"1024\" src=\"https:\/\/www.sindacatocronisti.it\/wordpress\/wp-content\/uploads\/2010\/12\/nonna-fior-2-745x1024.jpg\" alt=\"\" class=\"wp-image-1018\" srcset=\"https:\/\/www.sindacatocronisti.it\/wordpress\/wp-content\/uploads\/2010\/12\/nonna-fior-2-745x1024.jpg 745w, https:\/\/www.sindacatocronisti.it\/wordpress\/wp-content\/uploads\/2010\/12\/nonna-fior-2-218x300.jpg 218w, https:\/\/www.sindacatocronisti.it\/wordpress\/wp-content\/uploads\/2010\/12\/nonna-fior-2-768x1055.jpg 768w, https:\/\/www.sindacatocronisti.it\/wordpress\/wp-content\/uploads\/2010\/12\/nonna-fior-2-1118x1536.jpg 1118w, https:\/\/www.sindacatocronisti.it\/wordpress\/wp-content\/uploads\/2010\/12\/nonna-fior-2.jpg 1275w\" sizes=\"(max-width: 745px) 100vw, 745px\" \/><\/figure>\n\n\n\n<p>Il concorso del 1911, promosso e organizzato dal neonato Sindacato cronisti di Roma su un\u2019idea del sodale Edoardo Pompei, critico teatrale de \u201cIl Messaggero\u201d, divent\u00f2 senza volerlo il fiore all\u2019occhiello delle celebrazioni per il Cinquantenario del Regno di Italia, peraltro partite nell\u2019indifferenza generale. Nulla di nuovo sotto il sole! Se oggi stentano ad entrare nel cuore della gente, un secolo fa, nonostante la quantit\u00e0 di eventi e la molteplicit\u00e0 di iniziative, non riuscivano a decollare, vuoi per le divisioni campanilistiche, vuoi per l\u2019accesso clima di contrasto tra guelfi e ghibellini, vuoi per la scarsa adesione culturale verso i valori del Risorgimento, e per pregiudizi e sospetti nei confronti dei padri fondatori. Non solo critico il fronte interno, ma piovvero contestazioni e calunnie dalla stampa estera probabilmente dietro il pretesto della spedizione italiana in Libia non gradita alle cancellerie europee. I giornali americani diffusero notizie allarmanti sulle condizioni igieniche di Roma, sparando a titoli di scatola che era scoppiata un\u2019epidemia di colera. Con le informazioni, prive di fondamento, \u201capparvero delle fotografie di colerosi morti, abbandonati per le piazze e le strade di Roma, colerosi che erano invece operai stesi indolentemente \u2013 come era antipatico costume di allora \u2013 durante le pause di lavoro, per riposarsi con quell\u2019abbandono che pu\u00f2 nascere soltanto dal solleone\u201d, cos\u00ec si legge a pagina 27 della \u201cMonografia storia del Sindacato cronisti\u201d, 121 pagine battute con la macchina per scrivere su fogli di carta velina, e riemersa dagli archivi dell\u2019associazione in occasione delle manifestazioni per il centenario, 1910\/2010.<\/p>\n\n\n\n<figure class=\"wp-block-image size-large\"><img decoding=\"async\" width=\"478\" height=\"386\" src=\"https:\/\/www.sindacatocronisti.it\/wordpress\/wp-content\/uploads\/2020\/08\/MissRoma1911Rugantino-1.png\" alt=\"\" class=\"wp-image-1015\" srcset=\"https:\/\/www.sindacatocronisti.it\/wordpress\/wp-content\/uploads\/2020\/08\/MissRoma1911Rugantino-1.png 478w, https:\/\/www.sindacatocronisti.it\/wordpress\/wp-content\/uploads\/2020\/08\/MissRoma1911Rugantino-1-300x242.png 300w\" sizes=\"(max-width: 478px) 100vw, 478px\" \/><\/figure>\n\n\n\n<p>Eppure, il 1911 segn\u00f2 una tappa importante nella crescita urbanistica e culturale della capitale. Il 4 giugno, il sovrano Vittorio Emanuele III inaugur\u00f2 l\u2019Altare della Patria, l\u2019imponente monumento dedicato al nonno Vittorio Emanuele II ad opera dell\u2019architetto Giuseppe Sacconi, e terminato dopo un quarto di secolo di lavori. Si costruirono i primi villini nel nascente quartiere Prati al di l\u00e0 del Tevere. Si realizzarono opere durature come la Galleria d\u2019arte moderna a Valla Giulia, il museo romano alle Terme di Diocleziano, il Giardino zoologico e lo Stadio nazionale al Flaminio. Si restaur\u00f2 Castel Sant\u2019Angelo fino ad allora rifugio di barboni, mentre in settembre si accendeva per la prima volta il Faro del Granicolo, offerto dagli italiani di Argentina. Si modernizzarono strade, si sistemarono parchi e si gettarono ponti sul Tevere, quali ponte Vittorio e ponte Risorgimento.<\/p>\n\n\n\n<figure class=\"wp-block-image size-large\"><img decoding=\"async\" width=\"913\" height=\"641\" src=\"https:\/\/www.sindacatocronisti.it\/wordpress\/wp-content\/uploads\/2010\/12\/nonna-fiore1.jpg\" alt=\"\" class=\"wp-image-1017\" srcset=\"https:\/\/www.sindacatocronisti.it\/wordpress\/wp-content\/uploads\/2010\/12\/nonna-fiore1.jpg 913w, https:\/\/www.sindacatocronisti.it\/wordpress\/wp-content\/uploads\/2010\/12\/nonna-fiore1-300x211.jpg 300w, https:\/\/www.sindacatocronisti.it\/wordpress\/wp-content\/uploads\/2010\/12\/nonna-fiore1-768x539.jpg 768w\" sizes=\"(max-width: 913px) 100vw, 913px\" \/><\/figure>\n\n\n\n<p>I festeggiamenti per il Cinquantenario divennero il battesimo di fuoco per il Sindacato cronisti al quale il Comitato promotore aveva affidato l\u2019ufficio stampa che produsse, a dire della \u201cMonografia\u201d, centinaia e centinaia \u201cdi articoli freschi, originali e suggestivi\u201d. Per rendere solenne l\u2019evento si cre\u00f2 un intero quartiere di \u201ccartapesta\u201d, la Mostra etnografica sulla sponda destra del Tevere, nell\u2019ex Piazza d\u2019Armi, con una serie di padiglioni dedicati alle Regioni d\u2019Italia. Nel cuore del villaggio, messo su in legno e stucco, sorse il Foro delle Regioni ad opera di Pio Piacentini e il Palazzo delle Feste con la maestria di Marcello Piacentini.<\/p>\n\n\n\n<figure class=\"wp-block-image size-large is-style-rounded\"><img decoding=\"async\" width=\"735\" height=\"775\" src=\"https:\/\/www.sindacatocronisti.it\/wordpress\/wp-content\/uploads\/2010\/12\/nonnapalmira.jpg\" alt=\"\" class=\"wp-image-1019\" srcset=\"https:\/\/www.sindacatocronisti.it\/wordpress\/wp-content\/uploads\/2010\/12\/nonnapalmira.jpg 735w, https:\/\/www.sindacatocronisti.it\/wordpress\/wp-content\/uploads\/2010\/12\/nonnapalmira-285x300.jpg 285w\" sizes=\"(max-width: 735px) 100vw, 735px\" \/><\/figure>\n\n\n\n<p>Forse perch\u00e9 fuori mano, non accese n\u00e9 entusiasmi n\u00e9 curiosit\u00e0. Rinacque a nuova vita nell\u2019estate di quell\u2019anno grazie alle feste, alle manifestazioni e alle sfilate promosso dal Sindacato cronisti di Roma. Non appena la voce del lancio di un concorso di bellezza cominci\u00f2 a correre tra i romani, la citt\u00e0 pigra e bigotta si risvegli\u00f2 dal letargo. Al di l\u00e0 delle intenzioni dei promotori, era stata trovata la chiave giusta per coinvolgere la popolazione nel clima dei festeggianti: il divertimento, l\u2019allegria, il pettegolezzo. Da subito si scatenano le schiere dei pro e dei contro.<\/p>\n\n\n\n<p><strong>Romano Bartoloni <\/strong><\/p>\n","protected":false},"excerpt":{"rendered":"<p>Erika, Marika, Ilary, i nomi delle miss di silhouette longilinea dell\u2019Italia di oggi. Gina, Silvana, Sofia, le miss maggiorate del primo dopoguerra.\u00a0 Palmira, Cesira Aurelia, le illibate fanciulle reginette della Roma liberty del primo Sindaco laico di Roma, Nathan. Proclamate belle di Roma nel 1911, giusto 100 anni fa, sono state le prime protagoniste in [&hellip;]<\/p>\n","protected":false},"author":1,"featured_media":1013,"comment_status":"closed","ping_status":"closed","sticky":false,"template":"","format":"standard","meta":{"footnotes":""},"categories":[31],"tags":[],"class_list":["post-1012","post","type-post","status-publish","format-standard","has-post-thumbnail","hentry","category-archivio-storico-scr"],"_links":{"self":[{"href":"https:\/\/www.sindacatocronisti.it\/wordpress\/wp-json\/wp\/v2\/posts\/1012","targetHints":{"allow":["GET"]}}],"collection":[{"href":"https:\/\/www.sindacatocronisti.it\/wordpress\/wp-json\/wp\/v2\/posts"}],"about":[{"href":"https:\/\/www.sindacatocronisti.it\/wordpress\/wp-json\/wp\/v2\/types\/post"}],"author":[{"embeddable":true,"href":"https:\/\/www.sindacatocronisti.it\/wordpress\/wp-json\/wp\/v2\/users\/1"}],"replies":[{"embeddable":true,"href":"https:\/\/www.sindacatocronisti.it\/wordpress\/wp-json\/wp\/v2\/comments?post=1012"}],"version-history":[{"count":2,"href":"https:\/\/www.sindacatocronisti.it\/wordpress\/wp-json\/wp\/v2\/posts\/1012\/revisions"}],"predecessor-version":[{"id":1020,"href":"https:\/\/www.sindacatocronisti.it\/wordpress\/wp-json\/wp\/v2\/posts\/1012\/revisions\/1020"}],"wp:featuredmedia":[{"embeddable":true,"href":"https:\/\/www.sindacatocronisti.it\/wordpress\/wp-json\/wp\/v2\/media\/1013"}],"wp:attachment":[{"href":"https:\/\/www.sindacatocronisti.it\/wordpress\/wp-json\/wp\/v2\/media?parent=1012"}],"wp:term":[{"taxonomy":"category","embeddable":true,"href":"https:\/\/www.sindacatocronisti.it\/wordpress\/wp-json\/wp\/v2\/categories?post=1012"},{"taxonomy":"post_tag","embeddable":true,"href":"https:\/\/www.sindacatocronisti.it\/wordpress\/wp-json\/wp\/v2\/tags?post=1012"}],"curies":[{"name":"wp","href":"https:\/\/api.w.org\/{rel}","templated":true}]}}